{"id":1957,"date":"2020-08-06T09:14:17","date_gmt":"2020-08-06T07:14:17","guid":{"rendered":"http:\/\/milanmysik.com\/?p=1957"},"modified":"2020-08-06T09:14:17","modified_gmt":"2020-08-06T07:14:17","slug":"enduro-serie-3-kouty-kdyz-to-nejde-od-a-z","status":"publish","type":"post","link":"https:\/\/milanmysik.com\/en\/2020\/08\/06\/enduro-serie-3-kouty-kdyz-to-nejde-od-a-z\/","title":{"rendered":"Enduro s\u00e9rie #3 Kouty, kdy\u017e to nejde od A \u2013 Z"},"content":{"rendered":"<p><strong>Posledn\u00ed \u010dervencov\u00fd v\u00edkend se konal t\u0159et\u00ed z\u00e1vod Enduro s\u00e9rie v&nbsp;Koutech, kde se z\u00e1vod\u00ed na \u010desk\u00e9m \u00fazem\u00ed historicky nejd\u00e9le a z\u00e1vod se zde konal ji\u017e po osm\u00e9 a bylo to opravdu jeden z&nbsp;nejhez\u010d\u00edch z\u00e1vod\u016f, co jsem v&nbsp;\u010cR jel.<\/strong><\/p>\n<p>&nbsp;<\/p>\n<p>Leto\u0161n\u00ed sez\u00f3na je opravdu nabit\u00e1, po korona krizi se jede t\u00e9m\u011b\u0159 v\u00edkend, co v\u00edkend n\u011bjak\u00fd z\u00e1vod. J\u00e1 se to sna\u017e\u00edm tro\u0161ku regulovat, abych nebyl p\u0159eta\u017eenej a po\u0161et\u0159il s\u00edly na podzimn\u00ed \u010d\u00e1st EWS, kde to bude fakt masakr.<\/p>\n<p>Pot\u00e9, co jsem bral v\u00edt\u011bzstv\u00ed na prvn\u00edm z\u00e1vod\u011b na Kl\u00ednovci, mi \u00fapln\u011b nevy\u0161el druh\u00fd z\u00e1vod na Zadov\u011b a tak jsem si cht\u011bl v&nbsp;Koutech spravit chu\u0165 a op\u011bt bojovat o medailov\u00e9 p\u0159\u00ed\u010dky. P\u00e1te\u010dn\u00ed tr\u00e9nink s&nbsp;Jirkou Kom\u00e1rkem a \u010c\u00ed\u017eou byl opravdu v\u00edc ne\u017e luxusn\u00ed, \u010derstv\u00e9 traily, nic vyjet\u00e9ho, prost\u011b par\u00e1da a v\u0161ichni jsme si u\u017e\u00edvali jedno z&nbsp;nejlep\u0161\u00edch je\u017ed\u011bn\u00ed.<\/p>\n<p>V&nbsp;sobotu u\u017e fronta na lanovku byla tradi\u010dn\u011b na necelou hodinu, tak\u017ee jsme stihli v\u0161echny stage objet jednou, i d\u00edky skv\u011bl\u00fdmu par\u0165\u00e1kovi Vanikovi, kter\u00fd si p\u0159ijel do Kout\u016f seservisovat kolo, prost\u011b pohoda. Oba tr\u00e9ninkov\u00e9 dny prob\u00edhaly v&nbsp;p\u0159ijemn\u00e9m letn\u00edm po\u010das\u00ed, ale v&nbsp;sobotu odpoledne se p\u0159ihnal prvn\u00ed p\u0159\u00edval\u00e1k, kter\u00fd n\u00e1s zastihl na lanovce a bylo jasn\u00fd co n\u00e1s \u010dek\u00e1\u2026 jeli jsme \u010dtvrtou a druhou RZ, kter\u00e9 na sebe v&nbsp;tr\u00e9ninku p\u011bkn\u011b navazovali a bylo to solidn\u00ed rodeo, ale obrovsk\u00e1 z\u00e1bava. Ve\u010der p\u0159edz\u00e1vodn\u00ed naj\u00ed\u017ed\u011bn\u00ed, stre\u010dov\u00e1n\u00ed a Kuba mi d\u011blal kolo, kter\u00fd naladil dokonale.<\/p>\n<p><img loading=\"lazy\" decoding=\"async\" class=\"alignnone size-full wp-image-1958\" src=\"http:\/\/milanmysik.com\/wp-content\/uploads\/2020\/08\/untitled-0780-scaled-e1596697632350.jpg\" alt=\"\" width=\"1200\" height=\"800\"><\/p>\n<p>V&nbsp;ned\u011bli jsme do z\u00e1vodu vyr\u00e1\u017eeli a\u017e po poledni, co\u017e nen\u00ed nikdy moc p\u0159\u00edjemn\u00fd. P\u0159edpov\u011b\u010f po\u010das\u00ed si s&nbsp;n\u00e1mi hr\u00e1lo jak ko\u010dka s&nbsp;my\u0161\u00ed, ale bohu\u017eel d\u00e9\u0161\u0165 n\u00e1s minul, a byl jsem asi jedin\u00fd komu by nevadil\u2026 Prvn\u00ed RZ hned z&nbsp;vostra, proto\u017ee jsme na n\u00ed jeli lanovkou. Taktika jet na jistotu bez p\u00e1du mi \u00fapln\u011b nesedla, sice pohodov\u00e1 j\u00edzda, ale chyb\u011bl tomu po\u0159\u00e1dnej speed a kdy\u017e jsem v&nbsp;horn\u00ed polovin\u011b netrefil 2 nadj\u00ed\u017ed\u011b\u010dky do zat\u00e1\u010dek, tak to nem\u011blo se z\u00e1vodn\u00ed j\u00edzdou moc spole\u010dn\u00e9ho. Na dvojce, kter\u00e1 jinak byla taky moc p\u011bkn\u00e1 jsem 2x trefil strom, co\u017e m\u011b docela rozhodilo a op\u011bt jsem teda ten za\u010d\u00e1tek \u00fapln\u011b nevychytal. Nicm\u00e9n\u011b i tak, za m\u011b par\u00e1dn\u00ed stage\u2026<\/p>\n<p><img loading=\"lazy\" decoding=\"async\" class=\"alignnone size-full wp-image-1959\" src=\"http:\/\/milanmysik.com\/wp-content\/uploads\/2020\/08\/8H0A2409-scaled-e1596697720440.jpg\" alt=\"\" width=\"1200\" height=\"800\"><\/p>\n<p><img loading=\"lazy\" decoding=\"async\" class=\"alignnone size-full wp-image-1960\" src=\"http:\/\/milanmysik.com\/wp-content\/uploads\/2020\/08\/untitled-0419-scaled-e1596697782949.jpg\" alt=\"\" width=\"1200\" height=\"800\"><\/p>\n<p>Na RZ 3 jsme jeli tradi\u010dn\u00ed v\u00fdjezd na Dlouh\u00e9 str\u00e1n\u011b a dal n\u00e1m po\u0159\u00e1dn\u011b zabrat. Trojka u\u017e byla lep\u0161\u00ed, bavila m\u011b, jel jsem dobr\u00e9 stopy a Medv\u011bdice prost\u011b bav\u00ed ka\u017ed\u00e9ho snad\u2026 Na \u010dty\u0159ku n\u00e1s podruh\u00e9 vyt\u00e1hlo lano, a pr\u00e1v\u011b na \u010dty\u0159ku jsem se nejv\u00edc t\u011b\u0161il. Sice za\u010d\u00e1tek pod lanovkou byl \u010distokrevn\u00fd bikepark, ale druh\u00e1 polovina bylo po\u0159\u00e1dn\u00fd enduro v&nbsp;potoce bl\u00e1ta a vody na ko\u0159enech, p\u0159esn\u011b to, co m\u00e1m fakt r\u00e1d. Horn\u00ed polovinu jsem jel fakt dob\u0159e. V\u011bd\u011bl jsem, \u017ee jsem za\u010d\u00e1tek ztratil, tak jsem cht\u011bl pr\u00e1v\u011b na soupe\u0159e najet hodn\u011b v&nbsp;t\u00e9hle RZ, proto\u017ee v\u00edm, \u017ee to \u0161lo\u2026. Hodn\u011b dobr\u00e1 j\u00edzda, bez \u017e\u00e1dn\u00e9 krizovky. Kdo tu stage jel, v\u00ed, \u017ee to bylo fakt hust\u00fd. Nicm\u00e9n\u011b 30 metr\u016f p\u0159ed c\u00edlem m\u011b to v&nbsp;odklon\u011bn\u00fdm traverzu st\u00e1hlo k&nbsp;ml\u00edku, od\u0161l\u00e1pl jsem si, boa kole\u010dko na botech se povolilo a j\u00e1 vyzul botu, a je\u0161t\u011b jsem namotal ml\u00edko do \u0161altru. Dobr\u00fdch 15, mo\u017en\u00e1 i 20 sekund mi zabralo, ne\u017e jsem nazul botu a vymotal ml\u00edko\u2026 Btw: V&nbsp;t\u00e9to RZ jsem i p\u0159es tenhle probl\u00e9m ztratil na v\u00edt\u011bze 4 sekundy. V&nbsp;c\u00edli t\u00e9to stage jsem byl hodn\u011b vyto\u010den\u00fd. Z&nbsp;nemotan\u00e9ho ml\u00edka jsem si mu sel zav\u00e1zat botu, proto\u017ee boa kole\u010dko bylo vylomen\u00e9, to prost\u011b chce\u0161! Transfer na posledn\u00ed stage u\u017e jsem jel komplet v&nbsp;de\u0161ti, ale noha mi furt v&nbsp;bot\u011b byla dost na volno, a tak jsem posledn\u00ed sedmou, nejdel\u0161\u00ed stage jen tak sklouznul abych si u\u017e nic neud\u011blal. Posledn\u00ed stage byla jinak taky par\u00e1dn\u00ed. Vr\u0161ek DH, pak dlouh\u00fd traverz naz\u00fdvan\u00fd Autobahn, \u010derstv\u00e1 hrabanka, prost\u011b za m\u011b super!<\/p>\n<p><img loading=\"lazy\" decoding=\"async\" class=\"alignnone size-full wp-image-1961\" src=\"http:\/\/milanmysik.com\/wp-content\/uploads\/2020\/08\/8H0A2688-scaled-e1596697861394.jpg\" alt=\"\" width=\"1200\" height=\"800\"><\/p>\n<p>Suma sum\u00e1rum jsem z&nbsp;toho zpackan\u00e9ho dne vy\u010daroval 5. m\u00edsto, v\u00edc k&nbsp;tomu asi nen\u00ed pot\u0159eba dodat, proto\u017ee jedin\u00fd, co tomu chyb\u011blo, byl je\u0161t\u011b technick\u00fd probl\u00e9m s&nbsp;kolem, jinak mi to fakt nesedlo. V&nbsp;pr\u016fb\u011b\u017en\u00e9m po\u0159ad\u00ed Enduro s\u00e9rie jsem klesl na t\u0159et\u00ed m\u00edsto. Na\u0161\u00ed elitn\u00ed kategorii ovl\u00e1dl Standa Sehnal, kter\u00fd po zisku n\u00e1rodn\u00edho titulu ve sjezdu m\u00e1 opravdu faz\u00f3nu!<\/p>\n<p>Foto: Libor Vo\u010dadlo, Barbara Samkov\u00e1<\/p>\nngg_shortcode_0_placeholder","protected":false},"excerpt":{"rendered":"<p>Posledn\u00ed \u010dervencov\u00fd v\u00edkend se konal t\u0159et\u00ed z\u00e1vod Enduro s\u00e9rie v&nbsp;Koutech, kde se z\u00e1vod\u00ed na \u010desk\u00e9m \u00fazem\u00ed historicky nejd\u00e9le a z\u00e1vod se zde [&hellip;]<\/p>","protected":false},"author":2,"featured_media":1961,"comment_status":"open","ping_status":"open","sticky":false,"template":"post-templates\/post_nosidebar.php","format":"standard","meta":{"ngg_post_thumbnail":0,"footnotes":""},"categories":[1],"tags":[],"class_list":["post-1957","post","type-post","status-publish","format-standard","has-post-thumbnail","hentry","category-nezarazene"],"jetpack_featured_media_url":"https:\/\/milanmysik.com\/wp-content\/uploads\/2020\/08\/8H0A2688-scaled-e1596697861394.jpg","_links":{"self":[{"href":"https:\/\/milanmysik.com\/en\/wp-json\/wp\/v2\/posts\/1957","targetHints":{"allow":["GET"]}}],"collection":[{"href":"https:\/\/milanmysik.com\/en\/wp-json\/wp\/v2\/posts"}],"about":[{"href":"https:\/\/milanmysik.com\/en\/wp-json\/wp\/v2\/types\/post"}],"author":[{"embeddable":true,"href":"https:\/\/milanmysik.com\/en\/wp-json\/wp\/v2\/users\/2"}],"replies":[{"embeddable":true,"href":"https:\/\/milanmysik.com\/en\/wp-json\/wp\/v2\/comments?post=1957"}],"version-history":[{"count":1,"href":"https:\/\/milanmysik.com\/en\/wp-json\/wp\/v2\/posts\/1957\/revisions"}],"predecessor-version":[{"id":1967,"href":"https:\/\/milanmysik.com\/en\/wp-json\/wp\/v2\/posts\/1957\/revisions\/1967"}],"wp:featuredmedia":[{"embeddable":true,"href":"https:\/\/milanmysik.com\/en\/wp-json\/wp\/v2\/media\/1961"}],"wp:attachment":[{"href":"https:\/\/milanmysik.com\/en\/wp-json\/wp\/v2\/media?parent=1957"}],"wp:term":[{"taxonomy":"category","embeddable":true,"href":"https:\/\/milanmysik.com\/en\/wp-json\/wp\/v2\/categories?post=1957"},{"taxonomy":"post_tag","embeddable":true,"href":"https:\/\/milanmysik.com\/en\/wp-json\/wp\/v2\/tags?post=1957"}],"curies":[{"name":"wp","href":"https:\/\/api.w.org\/{rel}","templated":true}]}}