{"id":1969,"date":"2020-08-06T11:12:09","date_gmt":"2020-08-06T09:12:09","guid":{"rendered":"http:\/\/milanmysik.com\/?p=1969"},"modified":"2020-08-06T11:12:09","modified_gmt":"2020-08-06T09:12:09","slug":"mcr-v-klinech","status":"publish","type":"post","link":"https:\/\/milanmysik.com\/en\/2020\/08\/06\/mcr-v-klinech\/","title":{"rendered":"M\u010cR v Kl\u00ednech"},"content":{"rendered":"<p><strong>Prvn\u00ed srpnov\u00fd v\u00edkend se konalo historicky t\u0159et\u00ed mistrovstv\u00ed \u010cR. Po letech 2017, 2018 \u0161tafetu p\u0159ebraly kru\u0161nohorsk\u00e9 Kl\u00edny, kde se n\u011bkolik let jezdili z\u00e1vody Enduro s\u00e9rie, ale letos se Tom\u00e1\u0161 Trunschka rozhodl, \u017ee ud\u011bl\u00e1 ze sv\u00e9ho z\u00e1vodu mistr\u00e1k.<\/strong><\/p>\n<p>Vzhledem k&nbsp;tomu, \u017ee se doposavad nez\u00e1vodilo za hranicemi, mnoho elitn\u00edch z\u00e1vodn\u00edk\u016f pova\u017eovalo tento z\u00e1vod za vrchol sez\u00f3ny. V\u00fdjimkou jsem nebyl ani j\u00e1, proto\u017ee obhajoba dva roky star\u00e9ho titulu m\u011b opravdu l\u00e1kala, nav\u00edc kdy\u017e to do Kl\u00edn\u016f m\u00e1m necelou hodinu. Na druhou stranu jsem z&nbsp;toho radost nem\u011bl, proto\u017ee v&nbsp;Kl\u00ednech mi to nikdy ne\u0161lo, m\u00edrn\u00fd kopec, hodn\u011b zat\u00e1\u010dek, to nen\u00ed m\u016fj \u0161\u00e1lek k\u00e1vy. Proto jsem se letos rozhodl pro zm\u011bnu a na Kl\u00edny jsem naladil kolo s&nbsp;ni\u017e\u0161\u00edm zdvihem Norco Optic, s&nbsp;t\u00edm, \u017ee jsem dop\u0159edu dal 150 mm a vzadu z\u016fstalo 125.<\/p>\n<p><img loading=\"lazy\" decoding=\"async\" class=\"alignnone size-full wp-image-1970\" src=\"http:\/\/milanmysik.com\/wp-content\/uploads\/2020\/08\/IMG_2624-e1596704606629.jpg\" alt=\"\" width=\"800\" height=\"1000\"><\/p>\n<p>Z\u00e1lusk na mistrovsk\u00fd dres si letos d\u011blalo opravdu hodn\u011b z\u00e1vodn\u00edk\u016f, \u0161pi\u010dka je vyrovnan\u00e1, nav\u00edc tradi\u010dn\u00ed jm\u00e9na Tejchman, My\u0161\u00edk, Prokop, Charv\u00e1t, Sehnal, Bl\u00e1ha doplnili L\u00e9bl, Maloch, \u010di Kr\u00e1l&#8230; V&nbsp;ned\u011bli v&nbsp;9 hodin jsem za zvuku m\u00e9 obl\u00edben\u00e9 p\u00edsni\u010dky Duality od kapely Slipknot, kterou mi tam naladil DJ z&nbsp;Big Shocku, kter\u00fd byl jedn\u00edm z&nbsp;partner\u016f akce vyrazil jsem vst\u0159\u00edc \u0161esti hodin\u00e1m do prvn\u00ed RZ.<\/p>\n<p><img loading=\"lazy\" decoding=\"async\" class=\"alignnone size-full wp-image-1971\" src=\"http:\/\/milanmysik.com\/wp-content\/uploads\/2020\/08\/c8485d3f-4841-4168-9f7b-d3e6aa5d2bcd-e1596704675849.jpg\" alt=\"\" width=\"1200\" height=\"800\"><\/p>\n<p>Hned na \u00favod pod lanov\u00fdm parkem chybuju a ztr\u00e1c\u00edm dost \u010dasu, zbytek jedni\u010dky, kter\u00e1 je jinak velmi kr\u00e1tk\u00e1 doj\u00ed\u017ed\u00edm v&nbsp;solidn\u00edm tempu, ale cca 8vte\u0159inov\u00fd z\u00e1sek ze za\u010d\u00e1tku m\u011b docela rozebral\u2026 Dvojku, kter\u00e1 se mi v\u016fbec nel\u00edbila jsem jel na pohodu a sna\u017eil jsem se nenasekat u\u017e \u017e\u00e1dnou chybu. T\u0159et\u00ed RZ startovala tradi\u010dn\u011b na prot\u011bj\u0161\u00edm kopci ,,na Mez\u00e1ku\u201c a byla opravdu kr\u00e1sn\u00e1, ale hodn\u011b rozbit\u00e1, tady u\u017e jsem c\u00edtil velk\u00fd deficit kola, proto\u017ee to m\u00edsty bylo solidn\u00ed rodeo.<\/p>\n<p><img loading=\"lazy\" decoding=\"async\" class=\"alignnone size-full wp-image-1973\" src=\"http:\/\/milanmysik.com\/wp-content\/uploads\/2020\/08\/5fd61c38-333a-485e-80ad-1ea5d04f38ac-e1596704776654.jpg\" alt=\"\" width=\"1024\" height=\"683\"><\/p>\n<p>Po trojce jsme se vyvezli lanem zp\u00e1tky do are\u00e1lu do m\u00edsta startu a c\u00edle z\u00e1vodu, kde na n\u00e1s \u010dekala fantastick\u00e1 ob\u010derstvova\u010dka \ud83d\ude42 . Pot\u00e9 n\u00e1s \u010dekaly 3 RZ k&nbsp;Janovsk\u00e9 p\u0159ehrad\u011b, kter\u00e9 byly hodn\u011b pra\u0161n\u00e9, hodn\u011b rychl\u00e9, a hlavn\u011b fyzicky n\u00e1ro\u010dn\u00e9. Tady by m\u011bl b\u00fdt Optic v\u00fdhodou, minim\u00e1ln\u011b v&nbsp;rovinat\u011bj\u0161\u00edch \u00fasec\u00edch. Hned \u010dty\u0159ku jsem nap\u00e1lil, co to \u0161lo, v\u011bd\u011bl jsem, \u017ee mus\u00edm za\u010d\u00edt stahovat ztr\u00e1tu, povedlo se. Jen kus p\u0159ed c\u00edlem jsem op\u011bt po n\u011bkolik\u00e1t\u00e9 minul tot\u00e1ln\u011b vyjetou zkratku\u2026<\/p>\n<p><img loading=\"lazy\" decoding=\"async\" class=\"alignnone size-full wp-image-1972\" src=\"http:\/\/milanmysik.com\/wp-content\/uploads\/2020\/08\/66bf822c-6966-46fc-a453-ae41bc2fcc02-e1596704739297.jpg\" alt=\"\" width=\"1200\" height=\"800\"><\/p>\n<p>P\u0159i transferu na 5 RZ m\u011b dojel Honza Vastl, jeden z&nbsp;nejlep\u0161\u00edch XC z\u00e1vodn\u00edk\u016f v&nbsp;\u010cR, tak jsem si dal lehk\u00fd interval na p\u011btku heheh\u2026 P\u011btka se mi asi l\u00edbila ze v\u0161ech nejv\u00edc, kr\u00e1sn\u00e1 stage, rockgardeny, prost\u011b par\u00e1da. \u0160koda, \u017ee jsem to polo\u017eil kus p\u0159ed c\u00edlem v&nbsp;pra\u0161n\u00e9 zat\u00e1\u010dce, ale i tak jsem to pocitov\u011b zajel fakt dob\u0159e. N\u00e1sledoval dal\u0161\u00ed dlouh\u00fd transfer na \u0161estou RZ, kter\u00e1 byla v&nbsp;duchu nekone\u010dn\u00e9ho pumptracku. Dal\u0161\u00ed kr\u00e1sn\u00fd trail. Op\u011bt jsem m\u011bl na v\u00fdjezdu za spole\u010dn\u00edka Vastl\u00edka a tak se mi op\u011bt za\u010d\u00ednaly \u010dervenat. Alespo\u0148 to p\u011bkn\u011b uteklo. \u0160estku jsem zajel bez chyby, celkem solidn\u00ed j\u00edzda, tak\u017ee t\u0159i p\u0159ehradn\u00ed RZ se kone\u010dn\u011b povedly a\u017e na malou chybu v&nbsp;5 RZ. Z\u00e1v\u011bre\u010dn\u00fd transfer a u\u017e jen posledn\u00ed kr\u00e1tk\u00e1 bikeparkovka. Za celkem slu\u0161n\u00e9ho \u0159evu div\u00e1k\u016f startuju a rvu to, co to jde, posledn\u00ed \u0161ance, jak st\u00e1hnout n\u011bjakou ztr\u00e1tu. Velmi rychl\u00e1 stage s&nbsp;nep\u0159\u00edjemn\u00fdm z\u00e1v\u011brem, kde to klouzalo fakt \u0161\u00edlen\u011b. C\u00edl, lano nahoru a \u010dek\u00e1n\u00ed na v\u00fdsledky. Zbylo na m\u011b 5. m\u00edsto, co\u017e bylo tak trochu zklam\u00e1n\u00edm, ale z\u00e1rove\u0148 to definovalo posledn\u00ed z\u00e1vody, kdy jsem neopl\u00fdval nejv\u011bt\u0161\u00ed formou, tak\u017ee roz\u0161\u00ed\u0159en\u00e9 podium beru. Dobr\u00fd pocit m\u00e1m hlavn\u011b z druh\u00e9 poloviny z\u00e1vodu, kdy jsem u\u017e byl furt kolem druh\u00e9, t\u0159et\u00edho m\u00edsta&#8230;<br \/>\nGratuluji nov\u00fdmu mistrovi Mat\u011bjovi Charv\u00e1tovi, kter\u00fd se p\u011bkn\u011b p\u0159etransformoval na enduro a jezd\u00ed fakt rychle! Druhej, nest\u00e1rnouc\u00ed Michal Prokop, taky klobouk dol\u016f. T\u0159et\u00ed P\u0159emek Tejchman, \u010dtvrt\u00fd Sehnal. Gratulace ho\u0161i a d\u00edky za super z\u00e1vody letos, proto\u017ee tahle konkurence n\u00e1s p\u011bkn\u011b pushuje!<\/p>\n<p><img loading=\"lazy\" decoding=\"async\" class=\"alignnone size-full wp-image-1974\" src=\"http:\/\/milanmysik.com\/wp-content\/uploads\/2020\/08\/0c735d42-c647-4dd4-be63-d5ade44ed872-e1596704871367.jpg\" alt=\"\" width=\"1024\" height=\"683\"><\/p>\n<p>Pod\u00e9l stag\u00ed jsem m\u011bl fakt hodn\u011b div\u00e1k\u016f, d\u00edky moc za super podporu, sna\u017eil jsem se to v\u017edycky u v\u00e1s neprobrzdit hehe. D\u00edky Big Shocku, \u017ee naladily enduro noty, d\u00edky mechanikovi, \u017ee kolo op\u011bt fungovalo dokonale a v&nbsp;neposledn\u00ed \u0159ad\u011b d\u00edky Trundovi, proto\u017ee je to fakt srdca\u0159 a dok\u00e1zal sehnat slu\u0161n\u00e9 odm\u011bny.<\/p>\n<p><img loading=\"lazy\" decoding=\"async\" class=\"alignnone size-full wp-image-1975\" src=\"http:\/\/milanmysik.com\/wp-content\/uploads\/2020\/08\/0AE0470E-84C6-49CA-BB01-7F9463745D4D-e1596704921817.jpg\" alt=\"\" width=\"750\" height=\"1334\"><\/p>\n<p>Jedin\u00fd, co&nbsp;z\u00e1vodu vytknout je p\u00e1skov\u00e1n\u00ed, tra\u0165\u011b na M\u010cR, by prost\u011b m\u011bly b\u00fdt ohrani\u010den\u00e9 od shora a\u017e do c\u00edle a kdyby svaz dal jasn\u00fd pravidla, tak by to nebylo v\u016fbec na \u0161kodu. Jo, a je\u0161t\u011b gratuluju v\u0161em nov\u00fdm mistr\u016fm a nejv\u00edc p\u0159ekvapen\u00ed Krist\u00fdn\u011b Havlick\u00e9, kter\u00e1 m\u011b mile p\u0159ekvapila! Tak snad za rok se o ten dres popereme\u2026<\/p>\n<p>D\u00edky za fotky janbarton.com, &nbsp;Merva pictures, Jarda \u010cern\u00fd<\/p>\nngg_shortcode_0_placeholder","protected":false},"excerpt":{"rendered":"<p>Prvn\u00ed srpnov\u00fd v\u00edkend se konalo historicky t\u0159et\u00ed mistrovstv\u00ed \u010cR. Po letech 2017, 2018 \u0161tafetu p\u0159ebraly kru\u0161nohorsk\u00e9 Kl\u00edny, kde se n\u011bkolik let jezdili [&hellip;]<\/p>","protected":false},"author":2,"featured_media":1987,"comment_status":"open","ping_status":"open","sticky":false,"template":"post-templates\/post_nosidebar.php","format":"standard","meta":{"ngg_post_thumbnail":0,"footnotes":""},"categories":[1],"tags":[],"class_list":["post-1969","post","type-post","status-publish","format-standard","has-post-thumbnail","hentry","category-nezarazene"],"jetpack_featured_media_url":"https:\/\/milanmysik.com\/wp-content\/uploads\/2020\/08\/e740b35d-b83c-499b-b4aa-793e2232ce73-e1596705107406.jpg","_links":{"self":[{"href":"https:\/\/milanmysik.com\/en\/wp-json\/wp\/v2\/posts\/1969","targetHints":{"allow":["GET"]}}],"collection":[{"href":"https:\/\/milanmysik.com\/en\/wp-json\/wp\/v2\/posts"}],"about":[{"href":"https:\/\/milanmysik.com\/en\/wp-json\/wp\/v2\/types\/post"}],"author":[{"embeddable":true,"href":"https:\/\/milanmysik.com\/en\/wp-json\/wp\/v2\/users\/2"}],"replies":[{"embeddable":true,"href":"https:\/\/milanmysik.com\/en\/wp-json\/wp\/v2\/comments?post=1969"}],"version-history":[{"count":1,"href":"https:\/\/milanmysik.com\/en\/wp-json\/wp\/v2\/posts\/1969\/revisions"}],"predecessor-version":[{"id":1988,"href":"https:\/\/milanmysik.com\/en\/wp-json\/wp\/v2\/posts\/1969\/revisions\/1988"}],"wp:featuredmedia":[{"embeddable":true,"href":"https:\/\/milanmysik.com\/en\/wp-json\/wp\/v2\/media\/1987"}],"wp:attachment":[{"href":"https:\/\/milanmysik.com\/en\/wp-json\/wp\/v2\/media?parent=1969"}],"wp:term":[{"taxonomy":"category","embeddable":true,"href":"https:\/\/milanmysik.com\/en\/wp-json\/wp\/v2\/categories?post=1969"},{"taxonomy":"post_tag","embeddable":true,"href":"https:\/\/milanmysik.com\/en\/wp-json\/wp\/v2\/tags?post=1969"}],"curies":[{"name":"wp","href":"https:\/\/api.w.org\/{rel}","templated":true}]}}