{"id":2007,"date":"2020-08-10T12:08:33","date_gmt":"2020-08-10T10:08:33","guid":{"rendered":"http:\/\/milanmysik.com\/?p=2007"},"modified":"2020-08-10T12:08:33","modified_gmt":"2020-08-10T10:08:33","slug":"ceska-enduro-serie-4-jested-aneb-cesky-whistler","status":"publish","type":"post","link":"https:\/\/milanmysik.com\/en\/2020\/08\/10\/ceska-enduro-serie-4-jested-aneb-cesky-whistler\/","title":{"rendered":"\u010cesk\u00e1 Enduro s\u00e9rie #4 Je\u0161t\u011bd aneb \u010desk\u00fd Whistler"},"content":{"rendered":"<p><strong>Trimestr relativn\u011b d\u016fle\u017eit\u00fdch z\u00e1vod\u016f na p\u0159elomu \u010dervence a srpna je u konce. Po Koutech, mistrovsk\u00fdch Kl\u00ednech se druh\u00fd srpencov\u00fd v\u00edkend bojovalo o body do nejpresti\u017en\u011bj\u0161\u00edho \u010desk\u00e9ho seri\u00e1lu Enduro s\u00e9rie na Je\u0161t\u011bdu, kter\u00fd ji\u017e tradi\u010dn\u011b pat\u0159\u00ed k&nbsp;m\u00fdm obl\u00edben\u00fdm, vlastn\u011b je asi nejobl\u00edben\u011bj\u0161\u00ed \ud83d\ude42<\/strong><\/p>\n<p>&nbsp;<\/p>\n<p>M\u00e1m r\u00e1d, jak tamn\u00ed trat\u011b nejsou zbyte\u010dn\u011b sam\u00e1 zat\u00e1\u010dka, jede se dost ve speedu, nav\u00edc v&nbsp;Liberci jsem jako doma, tak\u017ee mi to cel\u00e9 hr\u00e1lo do karet a j\u00e1 v\u011b\u0159il, \u017ee si po dvou p\u00e1t\u00fdch m\u00edstech sprav\u00edm chu\u0165\u2026 5rychlostn\u00edch zkou\u0161ek dostal p\u00e1r zm\u011bn a za m\u011b prost\u011b super, jen tam mohlo b\u00fdt v\u00edc \u0161lap\u00e1n\u00ed\u2026<\/p>\n<p>&nbsp;<\/p>\n<p>TRAINING<\/p>\n<p>U\u017e od p\u00e1tku se pod Je\u0161t\u011bdem po\u0159\u00e1dn\u011b pr\u00e1\u0161ilo a tropick\u00e9 teploty tomu jen pomohly. Zat\u00edmco v\u0161ichni tr\u00e9novali, j\u00e1 \u0159e\u0161il furt unik\u00e1n\u00ed vzduchu v&nbsp;zadn\u00edm tlumi\u010di\u2026 Na\u0161t\u011bst\u00ed Michal Ledeck\u00fd #bikefamily mechanik mi ho mohl rozebrat, vym\u011bnil t\u011bsn\u011bn\u00ed a j\u00e1 je\u0161t\u011b mohl stihnout p\u00e1r j\u00edzd, d\u00edky moc!<\/p>\n<p>Po parn\u00e9m p\u00e1tku, jsem si m\u00edsto pl\u00e1novan\u00e9 cesty dom\u016f dal po je\u017ed\u011bn\u00ed u vody jedno pivko a bylo jasn\u00fd, \u017ee z\u016fst\u00e1v\u00e1m, na\u0161t\u011bst\u00ed jsem se ve\u0161el k&nbsp;\u010c\u00ed\u017eovi do karavanu.<\/p>\n<p>Sobotn\u00ed naj\u00ed\u017ed\u011bn\u00ed jsem si dal s&nbsp;\u010c\u00ed\u017eou, Letysem a na\u0161\u00edm ambassadorem z&nbsp;KURu Moudrasem, kterej p\u0159ijel rovnou z&nbsp;oslavy 20. narozenin a solil tam to p\u011bkn\u011b z&nbsp;vostra, na\u0161t\u011bst\u00ed jsem pro n\u011bj m\u011b plnou basu n\u00e1hradn\u00edho matro\u0161e hahah\u2026 V&nbsp;sobotu jsme dali v\u0161echno jednou, lano jezdilo bez p\u0159est\u00e1vky, a tak to relativn\u011b ods\u00fdpalo. Oproti p\u00e1tku jsem se sna\u017eil zrychlit, aby se moje j\u00edzda podobala u\u017e t\u00e9 z\u00e1vodn\u00ed a po tr\u00e9ninku jsem zjistil, \u017ee m\u00e1m solidn\u00ed vakl v&nbsp;zadn\u00edm kole, klik\u00e1ch, \u010depu atd\u2026, tak\u017ee jsem rychle valil dom\u016f, kdy mi to t\u00e1ta skv\u011ble, a hlavn\u011b rychle naladil. Trat\u011b u\u017e v&nbsp;sobotu byly fakt dost rozbombardovan\u00fd a fakt mi to p\u0159ipom\u00ednalo EWS ve Whistleru, kde se jede tak furt palice v&nbsp;tot\u00e1ln\u00edm motokrosu.<\/p>\n<p><img loading=\"lazy\" decoding=\"async\" class=\"alignnone size-full wp-image-2008\" src=\"http:\/\/milanmysik.com\/wp-content\/uploads\/2020\/08\/DSCF0617-e1597053292310.jpg\" alt=\"\" width=\"1200\" height=\"800\"><\/p>\n<p>RACEDAY<\/p>\n<p>V&nbsp;ned\u011bli za nejv\u011bt\u0161\u00edho vedra kousek p\u0159ed polednem vyr\u00e1\u017e\u00edme jako posledn\u00ed grupa do z\u00e1vodu. Prvn\u00ed transfer lanovkou je fakt shit, proto\u017ee startovat do jedni\u010dky bez rozjet\u00ed nic moc\u2026 Jedni\u010dka = Sko\u010dkovan\u00e1, ale dost upraven\u00e1, za m\u011b super stage! A\u010dkoliv jsem si myslel, \u017ee jsem j\u00ed jel dob\u0159e, bez chyb a celkem rychle, \u010das uk\u00e1zal n\u011bco jin\u00e9ho a docela sem dostal nalo\u017eeno od soupe\u0159\u016f. Leto\u0161n\u00ed dvojka byla minul\u00e9 roky stage 1, tak\u017ee ta do Sv\u011btl\u00fd\u2026 Tady se mi to \u00fapln\u011b nepovedlo, ud\u011blal jsem 3 v\u011bt\u0161\u00ed chybky, a i tak jsem v&nbsp;t\u00e9to RZ skon\u010dil druh\u00fd, nic moc ale z\u00e1vod je dlouhej, jede se d\u00e1l. Trojka byla tradi\u010dn\u00ed \u201eLa Spaghetta\u201c do tobog\u00e1nu. Naho\u0159e zat\u00e1\u010dky v&nbsp;prachu nic, moc spodek u\u017e byl par\u00e1dn\u00ed, dal\u0161\u00ed p\u011bkn\u00e1 stage, kde to fakt ods\u00fdpalo bez zbyte\u010dn\u00fdch z\u00e1sek\u016f.<\/p>\n<p><img loading=\"lazy\" decoding=\"async\" class=\"alignnone size-full wp-image-2009\" src=\"http:\/\/milanmysik.com\/wp-content\/uploads\/2020\/08\/DSCF4153-e1597053339227.jpg\" alt=\"\" width=\"1200\" height=\"800\"><\/p>\n<p><img loading=\"lazy\" decoding=\"async\" class=\"alignnone size-full wp-image-2011\" src=\"http:\/\/milanmysik.com\/wp-content\/uploads\/2020\/08\/mysak_01-e1597053451911.jpg\" alt=\"\" width=\"1200\" height=\"800\"><\/p>\n<p>Start RZ 4 byl po letech zp\u00e1tky pod Je\u0161t\u011bdkou, \u0159\u00edk\u00e1 se tomu Pad\u00e1ky nebo \u010cesnek, za m\u011b dost dobr\u00fd stage! Pak nav\u00e1zala na DH\u010dko, kde bylo n\u011bkolik nov\u00fdch \u00fasek\u016f a hlavn\u011b skalka, kde byl fakt slu\u0161nej kotel lid\u00ed. Atmosf\u00e9ra v&nbsp;Liberci je v\u017edy nejlep\u0161\u00ed, co se \u010desk\u00e9ho enduro t\u00fd\u010de a letos se to jen potvrdilo. U\u017e kdy\u017e jsem byl 200metr\u016f nad pov\u011bstnou skalkou, kter\u00e1 letos byla prvn\u011b, tak jsem sly\u0161el u\u017e \u0159ev, tak\u017ee jsem to tam p\u011bkn\u011b vodbrzdil, jen sem stopu, kterou jsem jet ani necht\u011bl, ale hlavn\u011b rovn\u011b a bez brzd, jak to m\u00e1m r\u00e1d! Na\u0161t\u011bst\u00ed Norco v\u0161echno pobralo, PTN vlo\u017eky taky pobraly tu zvonkohru a byl jsem venku. Spodek t\u00e9to stage byl op\u011bt n\u00e1dhern\u00fd!<\/p>\n<p><img loading=\"lazy\" decoding=\"async\" class=\"alignnone size-full wp-image-2012\" src=\"http:\/\/milanmysik.com\/wp-content\/uploads\/2020\/08\/mysak_02-e1597053530466.jpg\" alt=\"\" width=\"1200\" height=\"800\"><\/p>\n<p><img loading=\"lazy\" decoding=\"async\" class=\"alignnone size-full wp-image-2013\" src=\"http:\/\/milanmysik.com\/wp-content\/uploads\/2020\/08\/mysak_04-e1597053577794.jpg\" alt=\"\" width=\"1200\" height=\"800\"><\/p>\n<p><img loading=\"lazy\" decoding=\"async\" class=\"alignnone size-full wp-image-2014\" src=\"http:\/\/milanmysik.com\/wp-content\/uploads\/2020\/08\/DSCF4524-e1597053630233.jpg\" alt=\"\" width=\"1200\" height=\"800\"><\/p>\n<p>Stejn\u011b jako na jedni\u010dku, jsme se vyvezli lanem i na posledn\u00ed 5 DH stage, kter\u00e1 byla stra\u0161n\u011b rychl\u00e1. Tady jsem ud\u011blal p\u00e1r mal\u00fdch chybi\u010dek, ale zase nic z\u00e1sadn\u00edho.<\/p>\n<p>V&nbsp;c\u00edli jsem z&nbsp;toho m\u011bl dobr\u00fd pocit, \u017e\u00e1dn\u00fd p\u00e1d, p\u00e1r chyb sem nasolil, ale to si mysl\u00edm, \u017ee ka\u017ed\u00fd\u2026 Nakonec to ve v\u00fdsledku dalo na t\u0159et\u00ed m\u00edsto, co\u017e bylo ze za\u010d\u00e1tku zklam\u00e1n\u00ed, ale Standa Sehnal letos prost\u011b let\u00ed, na druh\u00e9ho P\u0159emka Tejchmana jsem ztratil 2,5s, co\u017e m\u011b mrz\u00ed o to v\u00edc, \u017ee jsem p\u00e1r chybek v&nbsp;posledn\u00ed stagi ud\u011blal. T\u0159et\u00ed m\u00edsto dobr\u00fd, v\u0161ude jinde bych ho bral, ale na Je\u0161t\u011bdu jsem cht\u011bl prost\u011b vyhr\u00e1t, ale k&nbsp;tomu asi opravdu pot\u0159ebuji, aby pr\u0161elo a nejl\u00e9pe sn\u011b\u017eilo \uf04a &nbsp;Z&nbsp;odstupem trojku beru, gratuluju Sehnymu, P\u0159emkovi, Bl\u00e1hi\u010dovi, kter\u00fd kone\u010dn\u011b letos prvn\u011b s&nbsp;n\u00e1mi na p\u00f3diu a Charvisovi. Je to fakt letos nabit\u00fd a mysl\u00edm, \u017ee to v\u0161echny bav\u00ed.<\/p>\n<p><img loading=\"lazy\" decoding=\"async\" class=\"alignnone size-full wp-image-2015\" src=\"http:\/\/milanmysik.com\/wp-content\/uploads\/2020\/08\/DSCF4616-e1597053681234.jpg\" alt=\"\" width=\"1200\" height=\"800\"><\/p>\n<p>D\u00edky po\u0159adatel\u016fm, \u017ee st\u00e1le na tomhle n\u00e1dhern\u00fdm kopci z\u00e1vod\u00edme, d\u00edky Vanikovi, kter\u00fd s&nbsp;t\u00edm m\u00e1 pr\u00e1ce jak na kostele a d\u00edky libereck\u00fdm fans, kter\u00fdch bylo op\u011bt hodn\u011b a fandili kotel! Tak snad za rok na Je\u0161t\u011bdu zase!<\/p>\n<p><img loading=\"lazy\" decoding=\"async\" class=\"alignnone size-full wp-image-2016\" src=\"http:\/\/milanmysik.com\/wp-content\/uploads\/2020\/08\/DSCF4681-e1597053727497.jpg\" alt=\"\" width=\"1200\" height=\"800\"><\/p>\n<p>D\u00edky za fotky J\u00e1ra Sijka, janbarton.com<\/p>\nngg_shortcode_0_placeholder","protected":false},"excerpt":{"rendered":"<p>Trimestr relativn\u011b d\u016fle\u017eit\u00fdch z\u00e1vod\u016f na p\u0159elomu \u010dervence a srpna je u konce. Po Koutech, mistrovsk\u00fdch Kl\u00ednech se druh\u00fd srpencov\u00fd v\u00edkend bojovalo o [&hellip;]<\/p>","protected":false},"author":2,"featured_media":2024,"comment_status":"open","ping_status":"open","sticky":false,"template":"post-templates\/post_nosidebar.php","format":"standard","meta":{"ngg_post_thumbnail":0,"footnotes":""},"categories":[1],"tags":[],"class_list":["post-2007","post","type-post","status-publish","format-standard","has-post-thumbnail","hentry","category-nezarazene"],"jetpack_featured_media_url":"https:\/\/milanmysik.com\/wp-content\/uploads\/2020\/08\/DSCF4529-e1597054098849.jpg","_links":{"self":[{"href":"https:\/\/milanmysik.com\/en\/wp-json\/wp\/v2\/posts\/2007","targetHints":{"allow":["GET"]}}],"collection":[{"href":"https:\/\/milanmysik.com\/en\/wp-json\/wp\/v2\/posts"}],"about":[{"href":"https:\/\/milanmysik.com\/en\/wp-json\/wp\/v2\/types\/post"}],"author":[{"embeddable":true,"href":"https:\/\/milanmysik.com\/en\/wp-json\/wp\/v2\/users\/2"}],"replies":[{"embeddable":true,"href":"https:\/\/milanmysik.com\/en\/wp-json\/wp\/v2\/comments?post=2007"}],"version-history":[{"count":1,"href":"https:\/\/milanmysik.com\/en\/wp-json\/wp\/v2\/posts\/2007\/revisions"}],"predecessor-version":[{"id":2025,"href":"https:\/\/milanmysik.com\/en\/wp-json\/wp\/v2\/posts\/2007\/revisions\/2025"}],"wp:featuredmedia":[{"embeddable":true,"href":"https:\/\/milanmysik.com\/en\/wp-json\/wp\/v2\/media\/2024"}],"wp:attachment":[{"href":"https:\/\/milanmysik.com\/en\/wp-json\/wp\/v2\/media?parent=2007"}],"wp:term":[{"taxonomy":"category","embeddable":true,"href":"https:\/\/milanmysik.com\/en\/wp-json\/wp\/v2\/categories?post=2007"},{"taxonomy":"post_tag","embeddable":true,"href":"https:\/\/milanmysik.com\/en\/wp-json\/wp\/v2\/tags?post=2007"}],"curies":[{"name":"wp","href":"https:\/\/api.w.org\/{rel}","templated":true}]}}