{"id":2049,"date":"2020-08-28T11:03:10","date_gmt":"2020-08-28T09:03:10","guid":{"rendered":"http:\/\/milanmysik.com\/?p=2049"},"modified":"2020-08-28T14:01:54","modified_gmt":"2020-08-28T12:01:54","slug":"ceska-enduro-serie-5-navrat-na-koprivnou-po-nekolika-letech","status":"publish","type":"post","link":"https:\/\/milanmysik.com\/en\/2020\/08\/28\/ceska-enduro-serie-5-navrat-na-koprivnou-po-nekolika-letech\/","title":{"rendered":"\u010cesk\u00e1 enduro s\u00e9rie #5, n\u00e1vrat na Kop\u0159ivnou po n\u011bkolika letech"},"content":{"rendered":"<p><strong>P\u00e1t\u00fdm d\u00edlem pokra\u010dovala minul\u00fd v\u00edkend enduro s\u00e9rie na Kop\u0159ivn\u00e9 (Mal\u00e1 Mor\u00e1vka) v&nbsp;Jesen\u00edk\u00e1ch. Dlouho mi trvalo ne\u017e jsem odp\u00e1lil registraci, proto\u017ee jsem Kop\u0159ivnou v&nbsp;pl\u00e1nu v\u016fbec nem\u011bl a t\u011blo mi \u0159\u00edkalo: ,,Odpo\u010di\u0148 si\u201c\u2026 Ale zn\u00e1te to, hlava s&nbsp;p\u0159isp\u011bn\u00edm hlavn\u00edho sponzora \u0159ekla jede\u0161!<\/strong><\/p>\n<p>&nbsp;<\/p>\n<p>Vzhledem k&nbsp;tomu, \u017ee je to pouze t\u00fdden do startu EWS v&nbsp;Zermattu, tak jsem zvolil jinou taktiku ne\u017e p\u0159ede\u0161l\u00e9 z\u00e1vody. M\u00edsto p\u00e1te\u010dn\u00edho tr\u00e9ninku jsem doma relaxoval a vydal se do Jesen\u00edk\u016f a\u017e v&nbsp;p\u00e1tek nave\u010der, tak abych si stejn\u011b jako na EWS dal pouze jeden tr\u00e9ninkov\u00fd den. Cestou jsem nabral Vojtu Merv\u00ednsk\u00fdho, kter\u00e9ho enduro fakt bav\u00ed a je to jeden z&nbsp;nejhlasit\u011bj\u0161\u00edch fanou\u0161k\u016f heheh&#8230; Na Kop\u0159ivnou jsme p\u0159ijeli v&nbsp;p\u00e1tek okolo 23h ve\u010der, spl\u00e1chli jsme pivkem cestu a u\u017e us\u00ednali pod hv\u011bzdami.<\/p>\n<p>V&nbsp;sobotn\u00edm tr\u00e9ninku jsme objeli t\u00e9m\u011b\u0159 v\u0161e dvakr\u00e1t. RZ nebyly \u00fapln\u011b podle m\u00e9ho gusta, ale mus\u00edm \u0159\u00edct, \u017ee parta kolem Kamila Tatarkovi\u010de z&nbsp;minima vyt\u011b\u017eila maximum a kategorii race \u010dekalo v\u00fd\u017eivn\u00fdch 6 RZ. \u010cty\u0159i v&nbsp;bike parku Kop\u0159ivn\u00e1 a dv\u011b kon\u010dily v&nbsp;Karlov\u011b pod Prad\u011bdem. Jen, co jsme skon\u010dili sobotn\u00ed tr\u00e9nink v&nbsp;tropick\u00e9m po\u010das\u00ed se p\u0159ivalily velk\u00e9 mraky a Jesen\u00edky zkr\u00e1p\u011bl velmi siln\u00fd d\u00e9\u0161\u0165 a\u017e do noci. Bylo tedy ot\u00e1zkou, co to ud\u011bl\u00e1 s&nbsp;p\u0159eschl\u00fdmi trat\u011bmi na sobotn\u00ed z\u00e1vod\u2026 Ve\u010der jsme se leg\u00e1ln\u011b s&nbsp;Vanikem a Vojtou schovali pod p\u0159\u00edst\u0159e\u0161ek tamn\u00edho apartm\u00e1nu a byly tak p\u011bkn\u011b v&nbsp;suchu.<\/p>\n<p><img loading=\"lazy\" decoding=\"async\" class=\"alignnone size-full wp-image-2051\" src=\"http:\/\/milanmysik.com\/wp-content\/uploads\/2020\/08\/DSC4221-scaled-e1598604234266.jpg\" alt=\"\" width=\"1200\" height=\"800\"><\/p>\n<p>RACEDAY<\/p>\n<p>V&nbsp;ned\u011bli u\u017e jsme se op\u011bt probudili do slunn\u00e9ho r\u00e1na, ale zem byla sakra prom\u00e1\u010den\u00e1. Startoval jsem a\u017e v&nbsp;posledn\u00ed vln\u011b a jeliko\u017e se na Kop\u0159ivnou sjelo 430 z\u00e1vodn\u00edk\u016f, dalo se o\u010dek\u00e1vat, \u017ee trat\u011b budou u\u017e slu\u0161n\u011b rozmasakrovan\u00e9. Velikou radost mi ud\u011blal pohled na startovn\u00ed listinu a hned dvakr\u00e1t. Poprv\u00e9 kdy\u017e jsem spat\u0159il, \u017ee startuje 90 d\u011bt\u00ed ve dvou kategori\u00edch, co\u017e je \u00fa\u017easn\u00e9 \u010d\u00edslo a d\u00edky po\u0159adatel\u016fm Enduro s\u00e9rie, za to, jak to d\u011blaj\u00ed \u2013 tohle je skv\u011bl\u00e1 \u00fa\u010dast budouc\u00edch hv\u011bzd. Podruh\u00e9, \u017ee v&nbsp;elitn\u00ed kategorii se po dvou m\u011bs\u00edc\u00edch kv\u016fli zran\u011bn\u00ed na start postavil lo\u0148sk\u00fd v\u00edt\u011bz Kuba \u0158\u00edha a konkurence tak byla zase o chlup v\u011bt\u0161\u00ed. Aby byla konkurence na\u0161lapan\u00e1 je\u0161t\u011b v\u00edc, na startu se uk\u00e1zal i jeden z&nbsp;nejlep\u0161\u00edch evropsk\u00fdch sjezda\u0159\u016f a vlastn\u011b i endurist\u016f Sl\u00e1vek Lukasik z&nbsp;Polska. Startovka prost\u011b byla opravdu nabit\u00e1 a na velmi kr\u00e1tk\u00fdch stag\u00edch nebyl prostor na chyby.<\/p>\n<p>Risknul jsem to a nechal jsem such\u00e9 pl\u00e1\u0161t\u011b, co\u017e m\u011b v&nbsp;jedni\u010dce hned solidn\u011b vytrestalo na horn\u00ed skalce, kde byl velk\u00fd crowd div\u00e1k\u016f. Tuhle stage jsem mel nohy v\u00edc venku ne\u017e na ped\u00e1lech a v&nbsp;c\u00edli jsem si \u0159\u00edkal, \u017ee to bylo fakt hrozn\u00fd. Ve dvojce jsem na mokr\u00fdch ko\u0159enech bruslil jakbysmet a hned si zajel do depa vym\u011bnit p\u0159edn\u00ed gumu. T\u0159et\u00ed RZ do Karlova byla hodn\u011b fyzicky n\u00e1ro\u010dn\u00e1, ale celkem se mi poda\u0159ila a a\u017e na horn\u00ed kameny jsem j\u00ed projel s&nbsp;dobr\u00fdm pocitem. \u010ctvrt\u00e1 RZ byla ryze sjezdov\u00e1, kr\u00e1tk\u00e1 ale kr\u00e1sn\u00e1, ale v&nbsp;c\u00edli sem vyjel tro\u0161ku mimo tra\u0165 a poztr\u00e1cel n\u011bjak\u00e9 ty sekundy. To bylo v&nbsp;Karlov\u011b v\u0161e a n\u00e1sledovaly posledn\u00ed dv\u011b RZ op\u011bt v&nbsp;bike parku Kop\u0159ivn\u00e1. P\u00e1t\u00e1 RZ byla vr\u0161ek bike parku a relativn\u011b hodn\u011b zav\u0159en\u00fdch zat\u00e1\u010dek na m\u00edrn\u00e9m kopci\u2026 Posledn\u00ed \u0161est\u00e1 stage byla velmi podobn\u00e1 t\u00e9 p\u00e1t\u00e9, jen tam bylo v\u00edce \u0161lap\u00e1n\u00ed. Jeliko\u017e jsem tuhle stage jel v&nbsp;sobotn\u00edm tr\u00e9ninku a\u017e pozd\u011bji, nebylo toho u\u017e tolik vid\u011bt a v&nbsp;z\u00e1vod\u011b jsem tam dvakr\u00e1t trefil ml\u00edko a rozj\u00ed\u017ed\u011bl se z&nbsp;nuly.<\/p>\n<p><img loading=\"lazy\" decoding=\"async\" class=\"alignnone size-full wp-image-2052\" src=\"http:\/\/milanmysik.com\/wp-content\/uploads\/2020\/08\/DSCF9296-scaled-e1598604326666.jpg\" alt=\"\" width=\"1200\" height=\"800\"><\/p>\n<p><img loading=\"lazy\" decoding=\"async\" class=\"alignnone size-full wp-image-2053\" src=\"http:\/\/milanmysik.com\/wp-content\/uploads\/2020\/08\/DSCF9529-scaled-e1598604392191.jpg\" alt=\"\" width=\"1200\" height=\"800\"><\/p>\n<p>\u0158\u00edkal jsem si, \u017ee kdyby to bylo op\u011bt na p\u00f3diu, \u017ee by to bylo fajn, proto\u017ee jsem se nec\u00edtil \u00fapln\u011b nejrychleji. Poda\u0159ilo se a j\u00e1 se ztr\u00e1tou 1.5 vte\u0159iny kon\u010d\u00edm na p\u00e1t\u00e9m m\u00edst\u011b. Aby t\u011bch p\u011btek nebylo m\u00e1lo, tak v&nbsp;p\u00e1t\u00e9m z\u00e1vod\u011b z&nbsp;p\u011bti beru podium! Ov\u0161em \u0161est\u00e9ho Vojtu Bl\u00e1hu ode m\u011b d\u011blila pouh\u00e1 desetina sekundy, co\u017e sv\u011bd\u010d\u00ed o velk\u00e9 vyrovnanosti. Za to teammate (Norco KUR enduro) Vanik zal\u00edtl poprv\u00e9 letos bednu a hned bral ten nejvy\u0161\u0161\u00ed stup\u00ednek v kategorii Masters 30-39 let, tak\u017ee asi to span\u00ed pod \u0161ir\u00e1kem mus\u00edm praktikovat \u010dast\u011bji hehe. Gratulace!<\/p>\n<p><img loading=\"lazy\" decoding=\"async\" class=\"alignnone size-full wp-image-2054\" src=\"http:\/\/milanmysik.com\/wp-content\/uploads\/2020\/08\/118404881_1589762914525015_6905339572223498096_o-e1598604533172.jpg\" alt=\"\" width=\"1200\" height=\"800\"><\/p>\n<p>Po n\u00e1vratu na Kop\u0159ivnou po p\u00e1r letech mus\u00edm \u0159\u00edct, \u017ee m\u011b mile p\u0159ekvapila, sice RZ nebyly \u00fapln\u011b dle m\u00e9ho gusta, ale celkov\u011b z\u00e1vod v&nbsp;t\u00e9to destinaci \u0159ad\u00edm letos k&nbsp;t\u011bm lep\u0161\u00edm, a to i d\u00edky skv\u011bl\u00e9 atmosf\u00e9\u0159e, proto\u017ee div\u00e1ci pod\u00e9l trati byly opravdu sly\u0161et. D\u00edky v\u0161em za par\u00e1dn\u00ed v\u00edkend pln\u00fd super z\u00e1\u017eitk\u016f.<\/p>\n<p><img loading=\"lazy\" decoding=\"async\" class=\"alignnone size-full wp-image-2055\" src=\"http:\/\/milanmysik.com\/wp-content\/uploads\/2020\/08\/DSCF9362-scaled-e1598604608912.jpg\" alt=\"\" width=\"1200\" height=\"800\"><\/p>\n<p>Posledn\u00ed \u0161est\u00fd z\u00e1vod z\u00e1vod Enduro s\u00e9rie se jede na \u0160pi\u010d\u00e1ku v polovin\u011b z\u00e1\u0159\u00ed, kde se budu sna\u017eit uh\u00e1jit pr\u016fb\u011b\u017en\u00e9 t\u0159et\u00ed m\u00edsto, ale tla\u010denka zezadu na m\u011b bude velk\u00e1, tak uvid\u00edme, jak to cel\u00e9 dopadne\u2026 Leto\u0161n\u00ed sez\u00f3na je fakt skv\u011bl\u00e1, d\u00edky velk\u00e9 konkurenci a vyrovnan\u00fdm v\u00fdsledk\u016fm si to u\u017e\u00edv\u00e1m opravdu na maximum.<\/p>\n<p><img loading=\"lazy\" decoding=\"async\" class=\"alignnone size-full wp-image-2057\" src=\"http:\/\/milanmysik.com\/wp-content\/uploads\/2020\/08\/DSCF9553-scaled-e1598604769185.jpg\" alt=\"\" width=\"1200\" height=\"800\"><\/p>\n<p>Fotky by: J\u00e1ra Sijka, Ond\u0159ej Grund, M\u00edra \u0160pi\u010d\u00e1k &#8230; D\u00edky!<\/p>\nngg_shortcode_0_placeholder","protected":false},"excerpt":{"rendered":"<p>P\u00e1t\u00fdm d\u00edlem pokra\u010dovala minul\u00fd v\u00edkend enduro s\u00e9rie na Kop\u0159ivn\u00e9 (Mal\u00e1 Mor\u00e1vka) v&nbsp;Jesen\u00edk\u00e1ch. Dlouho mi trvalo ne\u017e jsem odp\u00e1lil registraci, proto\u017ee jsem Kop\u0159ivnou [&hellip;]<\/p>","protected":false},"author":2,"featured_media":2056,"comment_status":"open","ping_status":"open","sticky":false,"template":"post-templates\/post_nosidebar.php","format":"standard","meta":{"ngg_post_thumbnail":0,"footnotes":""},"categories":[1],"tags":[],"class_list":["post-2049","post","type-post","status-publish","format-standard","has-post-thumbnail","hentry","category-nezarazene"],"jetpack_featured_media_url":"https:\/\/milanmysik.com\/wp-content\/uploads\/2020\/08\/DSCF9366-scaled-e1598604705282.jpg","_links":{"self":[{"href":"https:\/\/milanmysik.com\/en\/wp-json\/wp\/v2\/posts\/2049","targetHints":{"allow":["GET"]}}],"collection":[{"href":"https:\/\/milanmysik.com\/en\/wp-json\/wp\/v2\/posts"}],"about":[{"href":"https:\/\/milanmysik.com\/en\/wp-json\/wp\/v2\/types\/post"}],"author":[{"embeddable":true,"href":"https:\/\/milanmysik.com\/en\/wp-json\/wp\/v2\/users\/2"}],"replies":[{"embeddable":true,"href":"https:\/\/milanmysik.com\/en\/wp-json\/wp\/v2\/comments?post=2049"}],"version-history":[{"count":5,"href":"https:\/\/milanmysik.com\/en\/wp-json\/wp\/v2\/posts\/2049\/revisions"}],"predecessor-version":[{"id":2093,"href":"https:\/\/milanmysik.com\/en\/wp-json\/wp\/v2\/posts\/2049\/revisions\/2093"}],"wp:featuredmedia":[{"embeddable":true,"href":"https:\/\/milanmysik.com\/en\/wp-json\/wp\/v2\/media\/2056"}],"wp:attachment":[{"href":"https:\/\/milanmysik.com\/en\/wp-json\/wp\/v2\/media?parent=2049"}],"wp:term":[{"taxonomy":"category","embeddable":true,"href":"https:\/\/milanmysik.com\/en\/wp-json\/wp\/v2\/categories?post=2049"},{"taxonomy":"post_tag","embeddable":true,"href":"https:\/\/milanmysik.com\/en\/wp-json\/wp\/v2\/tags?post=2049"}],"curies":[{"name":"wp","href":"https:\/\/api.w.org\/{rel}","templated":true}]}}