{"id":2209,"date":"2020-10-02T16:40:33","date_gmt":"2020-10-02T14:40:33","guid":{"rendered":"http:\/\/milanmysik.com\/?p=2209"},"modified":"2020-10-02T17:19:32","modified_gmt":"2020-10-02T15:19:32","slug":"ews-3-finale-ligure-slibny-zacatek-brzky-konec","status":"publish","type":"post","link":"https:\/\/milanmysik.com\/en\/2020\/10\/02\/ews-3-finale-ligure-slibny-zacatek-brzky-konec\/","title":{"rendered":"EWS #3 Finale Ligure \u2013 slibn\u00fd za\u010d\u00e1tek, brzk\u00fd konec"},"content":{"rendered":"<p><strong>Z\u00e1v\u011bre\u010dn\u00fd z\u00e1vod leto\u0161n\u00ed, velmi zkr\u00e1cen\u00e9 sez\u00f3ny EWS se odehr\u00e1l posledn\u00ed z\u00e1\u0159ijov\u00fd v\u00edkend ve Finale Ligure. Pouh\u00fdch 6 km od Pietry, kde se konal EWS z\u00e1vod o t\u00fdden d\u0159\u00edve a kde jsem dos\u00e1hl sv\u00e9ho maxima, kter\u00e9 jsem cht\u011bl ve Finale je\u0161t\u011b posunout &#8230;<\/strong><\/p>\n<p>Zat\u00edmco ostatn\u00ed z\u00e1vodn\u00edci si u\u017e\u00edvali je\u017ed\u011bn\u00ed na italsk\u00e9 rivi\u00e9\u0159e, nebo trackwalkovali, j\u00e1 jsem vsadil na odpo\u010dinek a ledov\u00e1n\u00ed mal\u00ed\u010dku, se kter\u00fdm jsem ji\u017e druh\u00fd t\u00fdden dost bojoval. Otok st\u00e1le necht\u011bl splasknout, a tak jsem se sna\u017eil mu alespo\u0148 odleh\u010dit b\u011bhem t\u00fddne.<br \/>\nVe st\u0159edu jsem v\u0161ak neodolal a s&nbsp;\u010deskou bandou jsme si u\u017eili par\u00e1dn\u00ed den shuttlov\u00e1n\u00ed. To byla pecka. Program ve Finale byl tro\u0161ku jin\u00fd ne\u017e v&nbsp;Piet\u0159e, proto\u017ee se nejel z\u00e1vod e-biku. V&nbsp;p\u00e1tek tr\u00e9nink, v&nbsp;sobotu z\u00e1vod. P\u0159i\u010dem\u017e v&nbsp;tr\u00e9ninku byl povolen\u00fd shuttle, co\u017e bylo fajn.<\/p>\n<p><img loading=\"lazy\" decoding=\"async\" class=\"alignnone size-full wp-image-2210\" src=\"http:\/\/milanmysik.com\/wp-content\/uploads\/2020\/10\/IMG_9998-2-scaled-e1601648375717.jpg\" alt=\"\" width=\"800\" height=\"1418\"><\/p>\n<p>TRAINING DAY<\/p>\n<p>V&nbsp;p\u00e1tek dopoledne vyr\u00e1\u017e\u00edme na kopec. Shuttlujeme vlastn\u00ed dod\u00e1vkou, kterou n\u00e1m p\u016fj\u010dil Vojta Moudr\u00fd. Jeliko\u017e se ve Finale jel i z\u00e1vod Riders Trophy, tak jsme m\u011bli tro\u0161ku p\u0159ehozen\u00fd tr\u00e9nink a RZ jsme jeli v&nbsp;po\u0159ad\u00ed 3, 4, 1, 2. Po \u010dtvrte\u010dn\u00edm de\u0161t\u00edku jsou traily docela vlhk\u00e9, zejm\u00e9na stage 3 Black &amp; White je opravdu exkluzivn\u00ed a jsem asi jeden z&nbsp;m\u00e1la komu se to l\u00edb\u00ed. Trialoviny ala traily na kter\u00fdch \u010dasto tr\u00e9nuji a hodn\u011b zav\u0159en\u00e9 switchbacky. \u0160koda, \u017ee tuto RZ zkr\u00e1tili o \u0161lapavou vlo\u017eku v&nbsp;horn\u00edch \u010d\u00e1sti, proto\u017ee to by nahr\u00e1lo do karet je\u0161t\u011b v\u00edc.<br \/>\n\u010ctvrt\u00e1 stage byla klasick\u00e1 Briga, tak\u017ee naho\u0159e ratata na vrata po kamenech a dole XC s&nbsp;trialem, dal\u0161\u00ed moje obl\u00edben\u00e1. V&nbsp;tr\u00e9ninku jsem se t\u00e9hle RZ v\u011bnoval hodn\u011b, proto\u017ee v\u00fdjezdy v&nbsp;druh\u00e9 polovin\u011b mohly rozhodovat\u2026<\/p>\n<p><img loading=\"lazy\" decoding=\"async\" class=\"alignnone size-full wp-image-2211\" src=\"http:\/\/milanmysik.com\/wp-content\/uploads\/2020\/10\/IMG_3674-2-scaled-e1601649069185.jpg\" alt=\"\" width=\"1200\" height=\"800\"><\/p>\n<p>Pak jsme si dali rychl\u00fd snack a jeli na prvn\u00ed RZ. Na drop offu n\u00e1s p\u0159iv\u00edtal mohutn\u00fd d\u00e9\u0161\u0165 s&nbsp;kroupami\u2026 Z&nbsp;drop offu, to na start bylo n\u011bjak\u00fdch 20 minut po sv\u00fdch je\u0161t\u011b, tak jsme dobrou p\u016fl hodinu v&nbsp;aut\u011b \u010dekali, ne\u017e to p\u0159estane. Stage 1 byla zn\u00e1m\u00e1 Cacciatore, p\u0159i\u010dem\u017e startovala u\u017e z&nbsp;Rollercoasteru. Dobr\u00e1 sb\u00edje\u010dka na za\u010d\u00e1tek. Kdy\u017e jsme jeli shuttlem na posledn\u00ed tr\u00e9ninkovou stage Ca Bianca, spustil se dal\u0161\u00ed d\u00e9\u0161\u0165. CA Bianca za mokra byla fakt exkluzivn\u00ed. Tot\u00e1ln\u00ed bahnokros od shora a\u017e dol\u016f\u2026 Po tr\u00e9ninku p\u0159i\u0161la na \u0159adu tradi\u010dn\u00ed p\u0159edz\u00e1vodn\u00ed rutina. Mechanikov\u00e1n\u00ed, p\u0159ezouv\u00e1n\u00ed pl\u00e1\u0161\u0165\u016f, naj\u00ed\u017ed\u011bn\u00ed, protahov\u00e1n\u00ed atd\u2026 Na\u0161t\u011bst\u00ed n\u00e1m alespo\u0148 Tydli s&nbsp;jeho Mark\u00e9t, kte\u0159\u00ed p\u0159ijeli kouknout do Finale na EWS p\u0159ipravili luxusn\u00ed ve\u010de\u0159i, co\u017e n\u00e1m dost pomohlo.<\/p>\n<p>RACEDAY<\/p>\n<p>Dlouh\u00fd den p\u0159ed n\u00e1mi. Dal\u0161\u00ed sedmihodinov\u00e9 EWS, kter\u00e9 m\u00e1 p\u0159es 60 km a 1800 v\u00fd\u0161kov\u00fdch metr\u016f. \u010c\u00ed\u017ea vst\u00e1v\u00e1 za tmy p\u0159ed 6 hodinou rann\u00ed, proto\u017ee startuje u\u017e v&nbsp;7.30. J\u00e1 startuji n\u011bjak p\u0159ed dev\u00e1tou a vyr\u00e1\u017e\u00edm sm\u011br Calice Ligure, odkud p\u0159es vesnici EZE stoup\u00e1me serpent\u00fdnami a\u017e na start prvn\u00ed RZ. Transfer, kter\u00fd zabral zhruba 1h40m, p\u0159i\u010dem\u017e limit byl 2 hodiny.<\/p>\n<p>Prvn\u00ed stage Cacciatore = osmiminutov\u00fd sjezd s&nbsp;nekone\u010dn\u00fdm mno\u017estv\u00ed zat\u00e1\u010dek\u2026 Nic, v&nbsp;\u010dem bych si liboval. Hned po startu jsem zjistil, \u017ee m\u00e1m uta\u017eenou helmu a\u017e moc, tak jsem si j\u00ed pro zm\u011bnu v&nbsp;rzt\u011b povolil, tak \u017ee mi na hlav\u011b byla voln\u00e1, ale nic, co by m\u011b n\u011bjak omezovalo. V&nbsp;druh\u00e9 polovin\u011b u\u017e mi ode\u0161ly ruce, ale n\u011bjak jsem to zdrncal a\u017e do c\u00edle, ale pocit jsem z&nbsp;toho nem\u011bl b\u016fh v\u00ed jak dobrej. Nakonec v&nbsp;t\u00e9to stagi 50. m\u00edsto, realtivn\u011b mal\u00e1 ztr\u00e1ta, tak\u017ee pohoda, proto\u017ee prvn\u00ed RZ m\u00e1m nejslab\u0161\u00ed a v&nbsp;Piet\u0159e jsem byl po jedni\u010dce dokonce a\u017e 61.<br \/>\nDruhou stage, C\u00e0 Bianca jsem nap\u00e1lil u\u017e od sam\u00e9ho za\u010d\u00e1tku, abych zbyte\u010dn\u011b nejel moc na jistotu. Zhruba v&nbsp;polovin\u011b jsem si v&nbsp;pln\u00e9 rychlosti \u0161trejchnul \u0159\u00edd\u00edtkem o n\u011bjakou v\u011btev nebo kol\u00edk lemuj\u00edc\u00ed tra\u0165, a to m\u011b odhodilo do oho\u0159el\u00fdch borovic takov\u00fdm zp\u016fsobem, \u017ee jsem z&nbsp;nich dost\u00e1val dal\u0161\u00ed 3 minuty. Kdy\u017e jsem z&nbsp;nich vyt\u00e1hl kolo, zjistil jsem, \u017ee m\u00e1m roztr\u017eenou ruku, a hlavn\u011b okam\u017eit\u011b mi otekla. Jo, trefil jsem to p\u0159esn\u011b krajem prav\u00e9 ruky, mal\u00ed\u010dkem, se kter\u00fdm jsem bojoval u\u017e od \u0160pi\u010d\u00e1ku. Bohu\u017eel tato chvilka nepozornosti pro m\u011b byla kone\u010dn\u00e1, proto\u017ee jsem u\u017e opravdu nemohl dr\u017eet \u0159\u00edd\u00edtko v\u016fbec.<\/p>\n<p><img loading=\"lazy\" decoding=\"async\" class=\"alignnone size-full wp-image-2212\" src=\"http:\/\/milanmysik.com\/wp-content\/uploads\/2020\/10\/EWSFinale2020-04825-scaled-e1601649179471.jpg\" alt=\"\" width=\"1200\" height=\"800\">Mrzelo m\u011b to hodn\u011b, do Finale p\u0159ijelo dost k\u00e1mo\u0161\u016f zafandit a i po 50. m\u00edst\u011b v&nbsp;jedni\u010dce jsem c\u00edtil velkou \u0161ance b\u00fdt zase okolo t\u0159ic\u00edtky, proto\u017ee ty stage, kter\u00e9 mi sed\u011bly nejv\u00edc byly a\u017e na konci dne\u2026 Hold Finale mi prost\u011b nep\u0159eje, to u\u017e je n\u011bkolik\u00e1t\u00fd z\u00e1vod tady, kdy jsem m\u011bl n\u011bjak\u00fd p\u00e1d nebo technick\u00e9 probl\u00e9my. Ve\u010der jsme alespo\u0148 oslavili s \u010deskou bandou druh\u00e9 m\u00edsto kluk\u016f v&nbsp;kategorii Riders Trophy, kde m\u016fj teammate Vanik, Frenk a R\u00e1\u010fa Kulha to dot\u00e1hli velmi zd\u00e1rn\u011b! Velk\u00e1 gratulace Sehnymu, kter\u00fd to narval do TOP 30!!! Mysl\u00edm si, \u017ee leto\u0161n\u00ed nabit\u00e1 konkurence v \u010cR n\u00e1s v\u0161echny dost posunula na tyhle velk\u00fd z\u00e1vody jako EWS je.<br \/>\nV celkov\u00e9m hodnocen\u00ed EWS Global rankingu jsem to dost\u00e1hl i s t\u00edmto DNF na 34. m\u00edsto, co\u017e m\u011b hodn\u011b t\u011b\u0161\u00ed, ale mohlo to b\u00fdt mnohem lep\u0161\u00ed&#8230;&nbsp;<\/p>\n<p>Tak Ciao Finale, byl to super trip!<\/p>\n<p>&#8230; V&nbsp;\u00fater\u00fd, po n\u00e1vratu do \u010cR, jsem zav\u00edtal k&nbsp;Dr. Kebrlemu, kter\u00fd mi diagnostikoval p\u0159etr\u017een\u00e9 vazy a 6 t\u00fddn\u016f mus\u00edm m\u00edt mal\u00ed\u010dek p\u0159iv\u00e1zan\u00fd k&nbsp;prsten\u00ed\u010dku\u2026 Tak u\u017e\u00edvejte offseason!<\/p>\n<p>Foto: Jakub Janeck\u00fd, Ond\u0159ej Grund, Mat\u011bj Merv\u00ednsk\u00fd<\/p>","protected":false},"excerpt":{"rendered":"<p>Z\u00e1v\u011bre\u010dn\u00fd z\u00e1vod leto\u0161n\u00ed, velmi zkr\u00e1cen\u00e9 sez\u00f3ny EWS se odehr\u00e1l posledn\u00ed z\u00e1\u0159ijov\u00fd v\u00edkend ve Finale Ligure. Pouh\u00fdch 6 km od Pietry, kde se [&hellip;]<\/p>","protected":false},"author":2,"featured_media":2213,"comment_status":"open","ping_status":"open","sticky":false,"template":"post-templates\/post_nosidebar.php","format":"standard","meta":{"ngg_post_thumbnail":0,"footnotes":""},"categories":[1],"tags":[],"class_list":["post-2209","post","type-post","status-publish","format-standard","has-post-thumbnail","hentry","category-nezarazene"],"jetpack_featured_media_url":"https:\/\/milanmysik.com\/wp-content\/uploads\/2020\/10\/EWSFinale2020-04826-scaled-e1601649471169.jpg","_links":{"self":[{"href":"https:\/\/milanmysik.com\/en\/wp-json\/wp\/v2\/posts\/2209","targetHints":{"allow":["GET"]}}],"collection":[{"href":"https:\/\/milanmysik.com\/en\/wp-json\/wp\/v2\/posts"}],"about":[{"href":"https:\/\/milanmysik.com\/en\/wp-json\/wp\/v2\/types\/post"}],"author":[{"embeddable":true,"href":"https:\/\/milanmysik.com\/en\/wp-json\/wp\/v2\/users\/2"}],"replies":[{"embeddable":true,"href":"https:\/\/milanmysik.com\/en\/wp-json\/wp\/v2\/comments?post=2209"}],"version-history":[{"count":3,"href":"https:\/\/milanmysik.com\/en\/wp-json\/wp\/v2\/posts\/2209\/revisions"}],"predecessor-version":[{"id":2216,"href":"https:\/\/milanmysik.com\/en\/wp-json\/wp\/v2\/posts\/2209\/revisions\/2216"}],"wp:featuredmedia":[{"embeddable":true,"href":"https:\/\/milanmysik.com\/en\/wp-json\/wp\/v2\/media\/2213"}],"wp:attachment":[{"href":"https:\/\/milanmysik.com\/en\/wp-json\/wp\/v2\/media?parent=2209"}],"wp:term":[{"taxonomy":"category","embeddable":true,"href":"https:\/\/milanmysik.com\/en\/wp-json\/wp\/v2\/categories?post=2209"},{"taxonomy":"post_tag","embeddable":true,"href":"https:\/\/milanmysik.com\/en\/wp-json\/wp\/v2\/tags?post=2209"}],"curies":[{"name":"wp","href":"https:\/\/api.w.org\/{rel}","templated":true}]}}