{"id":2756,"date":"2021-09-21T22:21:09","date_gmt":"2021-09-21T20:21:09","guid":{"rendered":"http:\/\/milanmysik.com\/?p=2756"},"modified":"2021-09-21T22:21:09","modified_gmt":"2021-09-21T20:21:09","slug":"dvojzavod-ews-56-v-loudenvielle-francie","status":"publish","type":"post","link":"https:\/\/milanmysik.com\/en\/2021\/09\/21\/dvojzavod-ews-56-v-loudenvielle-francie\/","title":{"rendered":"Dvojz\u00e1vod EWS 5&#038;6 v Loudenvielle (Francie)"},"content":{"rendered":"<p><strong>Prvn\u00ed z\u00e1\u0159ijov\u00fd v\u00edkend odstartovala druh\u00e1 polovina Enduro Wolrd series ve francouzsk\u00fdch Pyrenej\u00edch. V&nbsp;m\u011bst\u011b Loudenvielle, kde jsem v&nbsp;roce 2019 z\u00edskal medaili pro v\u00edt\u011bze EWS European series. Jinak je vesni\u010dka Loudenvielle a sedla nad n\u00edm zn\u00e1m\u00e1 p\u0159edev\u0161\u00edm jako horsk\u00e9 pr\u00e9mie na Tour de France.<\/strong><\/p>\n<p>&nbsp;<\/p>\n<p>Vzhledem k&nbsp;n\u00e1ro\u010dn\u00e9mu programu jsem do Loudenvielle odlet\u011bl spole\u010dn\u011b s&nbsp;Milanem \u010ci\u017einsk\u00fdm v&nbsp;pond\u011bl\u00ed p\u0159ed z\u00e1vodem. Kola n\u00e1m tam odvezl autem Vojta Kloko\u010dka a v\u011bci zase Fejola Nestlerov\u00e1, tak\u017ee oba n\u00e1m u\u0161et\u0159ili kupu pr\u00e1ce a my tak let\u011bli velmi nalehko.<\/p>\n<p>&nbsp;<\/p>\n<p>EWS #5<\/p>\n<p>St\u0159ede\u010dn\u00ed tr\u00e9nink jasn\u011b napov\u011bd\u011bl, \u017ee to bude hodn\u011b sjezdov\u00e9. To p\u0159ev\u00fd\u0161en\u00ed bylo fakt velk\u00e9 kolem 3000 m na z\u00e1vod a brzdy tak dostaly po\u0159\u00e1dn\u011b zabrat. Vzhledem k&nbsp;nelichotiv\u00e9 p\u0159edpov\u011bdi po\u010das\u00ed n\u00e1m zru\u0161ili za m\u011b nejobl\u00edben\u011bj\u0161\u00ed a nejn\u00e1ro\u010dn\u011bj\u0161\u00ed stage Dolmens, kde u\u017e v&nbsp;tr\u00e9ninky byly k&nbsp;vid\u011bn\u00ed nep\u0159\u00edjemn\u00e9 p\u00e1dy, kter\u00e9 vyoutovaly p\u00e1r z\u00e1vodn\u00edk\u016f ze z\u00e1vodu. Pot\u00e9, kdy\u017e na \u010dtvrtek byl hl\u00e1\u0161en\u00fd d\u00e9\u0161\u0165 se po\u0159adatel\u00e9 rozhodli tuto stage zru\u0161it a dal\u0161\u00ed zkr\u00e1tit.<\/p>\n<p><img loading=\"lazy\" decoding=\"async\" class=\"alignnone size-full wp-image-2757\" src=\"http:\/\/milanmysik.com\/wp-content\/uploads\/2021\/09\/IMG_9606-e1632254459342.jpg\" alt=\"\" width=\"1200\" height=\"800\"><\/p>\n<p>Ze z\u00e1vodu se tak stal velmi kr\u00e1tk\u00fd z\u00e1vod, sp\u00ed\u0161 sjezdov\u00e9ho charakteru, proto\u017ee jsme moc nenastoupili. M\u011b se moc neda\u0159ilo, a\u010dkoliv jsem se na z\u00e1vod hodn\u011b t\u011b\u0161il, bylo to fakt t\u011b\u017ek\u00fd z&nbsp;kopce dol\u016f. Ani jsem tolik nechyboval, jako jsem sp\u00ed\u0161 jel opatrn\u011b. V&nbsp;c\u00edli 55. m\u00edsto bylo lehce za o\u010dek\u00e1v\u00e1n\u00edm, ale zase \u017e\u00e1dn\u00e1 trag\u00e9die, posledn\u00ed dv\u011b RZ jsem jel kolem 40. m\u00edsta, tak\u017ee na z\u00e1v\u011br celkem spokojenost.<\/p>\n<div><img loading=\"lazy\" decoding=\"async\" class=\"alignnone size-full wp-image-2758\" src=\"http:\/\/milanmysik.com\/wp-content\/uploads\/2021\/09\/IMG_9612-e1632254514852.jpg\" alt=\"\" width=\"1200\" height=\"800\"><\/div>\n<p>EWS #6<\/p>\n<p>Ten odstartoval po dni volna hned v&nbsp;sobotu, kdy jsme jeli tr\u00e9nink a z\u00e1vod na Pro stagi. Jednalo se o kr\u00e1snou RZ, kter\u00e1 m\u011bla \u00fapln\u011b v\u0161echno. M\u016fj v\u00fdkon u\u017e v&nbsp;Pro stagi nazna\u010dil, \u017ee asi toho v&nbsp;posledn\u00edch t\u00fddnech bylo p\u0159\u00edli\u0161. Neda\u0159ilo se, a\u010d jsem d\u011blal, co jsem mohl. Nechal jsem tam 110 %, ale v\u00fdsledek tomu neodpov\u00eddal. Zat\u00edmco prvn\u00ed z\u00e1vod se jel na mokru, druh\u00fd u\u017e byl o ni\u010dem jin\u00e9m. Na \u00fadol\u00edm Val de Louron sv\u00edtilo slun\u00ed\u010dko a teploty dosahovaly dvac\u00edtky.<\/p>\n<p><img loading=\"lazy\" decoding=\"async\" class=\"alignnone size-full wp-image-2759\" src=\"http:\/\/milanmysik.com\/wp-content\/uploads\/2021\/09\/IMG_9624-e1632254567955.jpg\" alt=\"\" width=\"1200\" height=\"800\"><\/p>\n<p>Trat\u011b se najednou hodn\u011b zrychlily a za\u010daly se vyj\u00ed\u017ed\u011bt \u00fapln\u011b jin\u00e9 stopy, ne\u017e tou bylo prvn\u00ed z\u00e1vod. V&nbsp;ned\u011bli jsem do toho nastoupil co to \u0161lo, jelo se mi celkem dob\u0159e a rychle, ale chyboval jsem. Kdy\u017e \u010dlov\u011bk za jeden z\u00e1vod 5x spadne, nen\u00ed to dobr\u00e1 vizitka. Celkov\u011b druh\u00fd z\u00e1vody tedy 66.<\/p>\n<p><img loading=\"lazy\" decoding=\"async\" class=\"alignnone size-full wp-image-2760\" src=\"http:\/\/milanmysik.com\/wp-content\/uploads\/2021\/09\/IMG_9636-e1632254604797.jpg\" alt=\"\" width=\"1200\" height=\"800\"><\/p>\n<p>Jak jsem se do Loudenvielle t\u011b\u0161il, tak jsem odj\u00ed\u017ed\u011bl velmi rozpolcen z&nbsp;toho, jak se mi neda\u0159ilo. Kloky zajel v&nbsp;juniorech kr\u00e1sn\u00e9 10. m\u00edsto druh\u00fd z\u00e1vod a Fejola v&nbsp;\u017een\u00e1ch masters vyhr\u00e1la ve \u010dtvrtek a v&nbsp;ned\u011bli byla druh\u00e1. Klobouk dol\u016f a d\u00edky za par\u00e1dn\u00ed t\u00fdden s&nbsp;\u010deskou partou.<\/p>\n<p>Foto: Boris Beyer<\/p>\nngg_shortcode_0_placeholder\n<div>&nbsp;<\/div>\n<div>&nbsp;<\/div>","protected":false},"excerpt":{"rendered":"<p>Prvn\u00ed z\u00e1\u0159ijov\u00fd v\u00edkend odstartovala druh\u00e1 polovina Enduro Wolrd series ve francouzsk\u00fdch Pyrenej\u00edch. V&nbsp;m\u011bst\u011b Loudenvielle, kde jsem v&nbsp;roce 2019 z\u00edskal medaili pro v\u00edt\u011bze [&hellip;]<\/p>","protected":false},"author":2,"featured_media":2761,"comment_status":"open","ping_status":"open","sticky":false,"template":"post-templates\/post_nosidebar.php","format":"standard","meta":{"ngg_post_thumbnail":0,"footnotes":""},"categories":[1],"tags":[],"class_list":["post-2756","post","type-post","status-publish","format-standard","has-post-thumbnail","hentry","category-nezarazene"],"jetpack_featured_media_url":"https:\/\/milanmysik.com\/wp-content\/uploads\/2021\/09\/IMG_9637-e1632254649980.jpg","_links":{"self":[{"href":"https:\/\/milanmysik.com\/en\/wp-json\/wp\/v2\/posts\/2756","targetHints":{"allow":["GET"]}}],"collection":[{"href":"https:\/\/milanmysik.com\/en\/wp-json\/wp\/v2\/posts"}],"about":[{"href":"https:\/\/milanmysik.com\/en\/wp-json\/wp\/v2\/types\/post"}],"author":[{"embeddable":true,"href":"https:\/\/milanmysik.com\/en\/wp-json\/wp\/v2\/users\/2"}],"replies":[{"embeddable":true,"href":"https:\/\/milanmysik.com\/en\/wp-json\/wp\/v2\/comments?post=2756"}],"version-history":[{"count":1,"href":"https:\/\/milanmysik.com\/en\/wp-json\/wp\/v2\/posts\/2756\/revisions"}],"predecessor-version":[{"id":2780,"href":"https:\/\/milanmysik.com\/en\/wp-json\/wp\/v2\/posts\/2756\/revisions\/2780"}],"wp:featuredmedia":[{"embeddable":true,"href":"https:\/\/milanmysik.com\/en\/wp-json\/wp\/v2\/media\/2761"}],"wp:attachment":[{"href":"https:\/\/milanmysik.com\/en\/wp-json\/wp\/v2\/media?parent=2756"}],"wp:term":[{"taxonomy":"category","embeddable":true,"href":"https:\/\/milanmysik.com\/en\/wp-json\/wp\/v2\/categories?post=2756"},{"taxonomy":"post_tag","embeddable":true,"href":"https:\/\/milanmysik.com\/en\/wp-json\/wp\/v2\/tags?post=2756"}],"curies":[{"name":"wp","href":"https:\/\/api.w.org\/{rel}","templated":true}]}}