{"id":3676,"date":"2023-07-27T04:01:28","date_gmt":"2023-07-27T02:01:28","guid":{"rendered":"http:\/\/milanmysik.com\/?p=3676"},"modified":"2023-07-27T04:01:28","modified_gmt":"2023-07-27T02:01:28","slug":"15-zavodnich-rz-mcr-enduro-kralicak-zavod-e-biku","status":"publish","type":"post","link":"https:\/\/milanmysik.com\/en\/2023\/07\/27\/15-zavodnich-rz-mcr-enduro-kralicak-zavod-e-biku\/","title":{"rendered":"15 z\u00e1vodn\u00edch RZ &#8211; M\u010cR ENDURO Kr\u00e1li\u010d\u00e1k + z\u00e1vod E-bik\u016f"},"content":{"rendered":"<p style=\"font-weight: 400;\"><strong>Kone\u010dn\u011b jsem po zran\u011bn\u00ed zad naplno zp\u011bt a mohl jsem se z\u00fa\u010dastnit M\u010cR na Kr\u00e1li\u010d\u00e1ku. Jeliko\u017e jsem norm\u00e1ln\u00ed enduro z\u00e1vody odsunul na druhou kolej, dal jsem si k&nbsp;tomu ve stejn\u00fd den i ebike z\u00e1vod a zp\u011btn\u011b to hodnot\u00edm jako skv\u011bl\u00fd tr\u00e9nink.<\/strong><\/p>\n<p style=\"font-weight: 400;\">&nbsp;<\/p>\n<p style=\"font-weight: 400;\">Ebike z\u00e1vod odstartoval u\u017e sobotn\u00edm ve\u010dern\u00edm programem, kdy jsme jeli power stage a pak jednu z&nbsp;RZ dol\u016f. No ani jedna sobotn\u00ed RT se mi moc nepovedla a po prvn\u00edm dnu mi pat\u0159ilo a\u017e 4. m\u00edsto. Moc n\u00e1s v&nbsp;kategorii e-bike tentokr\u00e1t nestartovalo, hold se v\u0161ichni koncentrovali na M\u010cR a bitvu o titul.<br \/>\nNed\u011bln\u00ed program pro m\u011b za\u010dal \u010dasn\u011b z&nbsp;r\u00e1na, kdy\u017e jsem startoval v&nbsp;obou kategori\u00edch. V\u011bd\u011bl jsem, \u017ee v&nbsp;ebiku mus\u00edm zabrat a sna\u017eil jsem se nic nepodcenit. To se vyplatilo, a nakonec jsem vyhr\u00e1l hned 5 RZ ze 6 ti a v&nbsp;pohod\u011b beru v\u00edt\u011bzstv\u00ed, za co\u017e jsem r\u00e1d. Po prvn\u00edm dnu to tak rozhodn\u011b nevypadalo.<\/p>\n<p><img loading=\"lazy\" decoding=\"async\" class=\"alignnone size-full wp-image-3677\" src=\"http:\/\/milanmysik.com\/wp-content\/uploads\/2023\/07\/7P4A0189-scaled-e1690422814438.jpg\" alt=\"\" width=\"1200\" height=\"800\" srcset=\"https:\/\/milanmysik.com\/wp-content\/uploads\/2023\/07\/7P4A0189-scaled-e1690422814438.jpg 1200w, https:\/\/milanmysik.com\/wp-content\/uploads\/2023\/07\/7P4A0189-scaled-e1690422814438-300x200.jpg 300w, https:\/\/milanmysik.com\/wp-content\/uploads\/2023\/07\/7P4A0189-scaled-e1690422814438-1024x683.jpg 1024w, https:\/\/milanmysik.com\/wp-content\/uploads\/2023\/07\/7P4A0189-scaled-e1690422814438-768x512.jpg 768w, https:\/\/milanmysik.com\/wp-content\/uploads\/2023\/07\/7P4A0189-scaled-e1690422814438-18x12.jpg 18w, https:\/\/milanmysik.com\/wp-content\/uploads\/2023\/07\/7P4A0189-scaled-e1690422814438-1000x667.jpg 1000w, https:\/\/milanmysik.com\/wp-content\/uploads\/2023\/07\/7P4A0189-scaled-e1690422814438-230x153.jpg 230w, https:\/\/milanmysik.com\/wp-content\/uploads\/2023\/07\/7P4A0189-scaled-e1690422814438-350x233.jpg 350w, https:\/\/milanmysik.com\/wp-content\/uploads\/2023\/07\/7P4A0189-scaled-e1690422814438-480x320.jpg 480w, https:\/\/milanmysik.com\/wp-content\/uploads\/2023\/07\/7P4A0189-scaled-e1690422814438-272x182.jpg 272w\" sizes=\"auto, (max-width: 1200px) 100vw, 1200px\" \/><\/p>\n<p style=\"font-weight: 400;\">Po ebiku jsem si dal hodinu pauzu, ob\u011bd a kolem 13 hodiny jsem vyrazil s&nbsp;posledn\u00ed skupinou nejv\u011bt\u0161\u00edch favorit\u016f na titul na tra\u0165. Oproti e-biku jsme jeli nav\u00edc hned prvn\u00ed RZ, kter\u00e1 byla celkem p\u0159\u00edsn\u00e1 a potkalo m\u011b hned n\u011bkolik krizovek. Dvojka a dal\u0161\u00edch RZ byly u\u017e v&nbsp;pohod\u011b, sna\u017eil jsem se jet opravdu co jsem mohl. Hlavn\u011b jsem se sna\u017eil nep\u0159ipou\u0161t\u011bt \u00fanavu. Jeliko\u017e z t\u00fdmu nikdo v&nbsp;z\u00e1vod\u011b nestartoval, tak jsem z\u00e1vod objel kompletn\u011b s&nbsp;Klokym, co\u017e bylo super. Zat\u00edmco on byl pln\u00fd energie, m\u011b tro\u0161ku b\u011bhem dne doch\u00e1zela \u0161\u0165\u00e1va. Dal jsem si pozor na pitn\u00fd re\u017eim a dopln\u011bn\u00ed tekutin.<\/p>\n<p style=\"font-weight: 400;\"><img loading=\"lazy\" decoding=\"async\" class=\"alignnone size-full wp-image-3678\" src=\"http:\/\/milanmysik.com\/wp-content\/uploads\/2023\/07\/7P4A1785-scaled-e1690422915256.jpg\" alt=\"\" width=\"800\" height=\"1200\" srcset=\"https:\/\/milanmysik.com\/wp-content\/uploads\/2023\/07\/7P4A1785-scaled-e1690422915256.jpg 800w, https:\/\/milanmysik.com\/wp-content\/uploads\/2023\/07\/7P4A1785-scaled-e1690422915256-200x300.jpg 200w, https:\/\/milanmysik.com\/wp-content\/uploads\/2023\/07\/7P4A1785-scaled-e1690422915256-683x1024.jpg 683w, https:\/\/milanmysik.com\/wp-content\/uploads\/2023\/07\/7P4A1785-scaled-e1690422915256-768x1152.jpg 768w, https:\/\/milanmysik.com\/wp-content\/uploads\/2023\/07\/7P4A1785-scaled-e1690422915256-8x12.jpg 8w, https:\/\/milanmysik.com\/wp-content\/uploads\/2023\/07\/7P4A1785-scaled-e1690422915256-230x345.jpg 230w, https:\/\/milanmysik.com\/wp-content\/uploads\/2023\/07\/7P4A1785-scaled-e1690422915256-350x525.jpg 350w, https:\/\/milanmysik.com\/wp-content\/uploads\/2023\/07\/7P4A1785-scaled-e1690422915256-480x720.jpg 480w\" sizes=\"auto, (max-width: 800px) 100vw, 800px\" \/><\/p>\n<p style=\"font-weight: 400;\">Ke konci z\u00e1vodu jsem c\u00edtil v\u011bt\u0161\u00ed \u00fanavu a tro\u0161ku se b\u00e1l, abych se n\u011bkde nevylo\u017eil. P\u0159esto to bylo pocitov\u011b bez v\u011bt\u0161\u00edch chyb a c\u00edtil jsem se dob\u0159e. Na druhou stranu bylo zn\u00e1t, \u017ee jsem na enduro kole letos toho fakt p\u0159\u00edli\u0161 nenajezdil. Celkov\u011b 10. m\u00edsto a 7. m\u00edsto v&nbsp;mu\u017esk\u00e9 elitn\u00ed kategorii. Nic z&nbsp;\u010deho bych sk\u00e1kal vysoko, ale z\u00e1rove\u0148 \u017e\u00e1dn\u00fd propad. Mlad\u00fd kluci let\u011bj pilu, stra\u0161\u00ed o\u017e\u00edvaj\u00ed a celkov\u011b jsem si z\u00e1vod fakt u\u017eil \u2013 dobr\u00e1 atmosf\u00e9ra a super v\u00fdkony kluk\u016f.<\/p>\n<p><img loading=\"lazy\" decoding=\"async\" class=\"alignnone size-full wp-image-3679\" src=\"http:\/\/milanmysik.com\/wp-content\/uploads\/2023\/07\/7P4A1538-scaled.jpg\" alt=\"\" width=\"2560\" height=\"1706\" srcset=\"https:\/\/milanmysik.com\/wp-content\/uploads\/2023\/07\/7P4A1538-scaled.jpg 2560w, https:\/\/milanmysik.com\/wp-content\/uploads\/2023\/07\/7P4A1538-300x200.jpg 300w, https:\/\/milanmysik.com\/wp-content\/uploads\/2023\/07\/7P4A1538-1024x683.jpg 1024w, https:\/\/milanmysik.com\/wp-content\/uploads\/2023\/07\/7P4A1538-768x512.jpg 768w, https:\/\/milanmysik.com\/wp-content\/uploads\/2023\/07\/7P4A1538-1536x1024.jpg 1536w, https:\/\/milanmysik.com\/wp-content\/uploads\/2023\/07\/7P4A1538-2048x1365.jpg 2048w, https:\/\/milanmysik.com\/wp-content\/uploads\/2023\/07\/7P4A1538-18x12.jpg 18w, https:\/\/milanmysik.com\/wp-content\/uploads\/2023\/07\/7P4A1538-1000x667.jpg 1000w, https:\/\/milanmysik.com\/wp-content\/uploads\/2023\/07\/7P4A1538-230x153.jpg 230w, https:\/\/milanmysik.com\/wp-content\/uploads\/2023\/07\/7P4A1538-350x233.jpg 350w, https:\/\/milanmysik.com\/wp-content\/uploads\/2023\/07\/7P4A1538-480x320.jpg 480w, https:\/\/milanmysik.com\/wp-content\/uploads\/2023\/07\/7P4A1538-272x182.jpg 272w\" sizes=\"auto, (max-width: 2560px) 100vw, 2560px\" \/><\/p>\n<p>Gratulace mistr\u016fm \u010cR a vid\u00edme se na Mal\u00e9 Mord\u00e1vce.<\/p>\nngg_shortcode_0_placeholder","protected":false},"excerpt":{"rendered":"<p>Kone\u010dn\u011b jsem po zran\u011bn\u00ed zad naplno zp\u011bt a mohl jsem se z\u00fa\u010dastnit M\u010cR na Kr\u00e1li\u010d\u00e1ku. Jeliko\u017e jsem norm\u00e1ln\u00ed enduro z\u00e1vody odsunul na [&hellip;]<\/p>","protected":false},"author":2,"featured_media":3677,"comment_status":"open","ping_status":"open","sticky":false,"template":"post-templates\/post_nosidebar.php","format":"standard","meta":{"ngg_post_thumbnail":0,"footnotes":""},"categories":[1],"tags":[],"class_list":["post-3676","post","type-post","status-publish","format-standard","has-post-thumbnail","hentry","category-nezarazene"],"jetpack_featured_media_url":"https:\/\/milanmysik.com\/wp-content\/uploads\/2023\/07\/7P4A0189-scaled-e1690422814438.jpg","_links":{"self":[{"href":"https:\/\/milanmysik.com\/en\/wp-json\/wp\/v2\/posts\/3676","targetHints":{"allow":["GET"]}}],"collection":[{"href":"https:\/\/milanmysik.com\/en\/wp-json\/wp\/v2\/posts"}],"about":[{"href":"https:\/\/milanmysik.com\/en\/wp-json\/wp\/v2\/types\/post"}],"author":[{"embeddable":true,"href":"https:\/\/milanmysik.com\/en\/wp-json\/wp\/v2\/users\/2"}],"replies":[{"embeddable":true,"href":"https:\/\/milanmysik.com\/en\/wp-json\/wp\/v2\/comments?post=3676"}],"version-history":[{"count":1,"href":"https:\/\/milanmysik.com\/en\/wp-json\/wp\/v2\/posts\/3676\/revisions"}],"predecessor-version":[{"id":3695,"href":"https:\/\/milanmysik.com\/en\/wp-json\/wp\/v2\/posts\/3676\/revisions\/3695"}],"wp:featuredmedia":[{"embeddable":true,"href":"https:\/\/milanmysik.com\/en\/wp-json\/wp\/v2\/media\/3677"}],"wp:attachment":[{"href":"https:\/\/milanmysik.com\/en\/wp-json\/wp\/v2\/media?parent=3676"}],"wp:term":[{"taxonomy":"category","embeddable":true,"href":"https:\/\/milanmysik.com\/en\/wp-json\/wp\/v2\/categories?post=3676"},{"taxonomy":"post_tag","embeddable":true,"href":"https:\/\/milanmysik.com\/en\/wp-json\/wp\/v2\/tags?post=3676"}],"curies":[{"name":"wp","href":"https:\/\/api.w.org\/{rel}","templated":true}]}}