{"id":3894,"date":"2024-05-23T11:24:08","date_gmt":"2024-05-23T09:24:08","guid":{"rendered":"http:\/\/milanmysik.com\/?p=3894"},"modified":"2024-05-23T12:44:32","modified_gmt":"2024-05-23T10:44:32","slug":"prvni-dva-svetaky-dopadly-dobre","status":"publish","type":"post","link":"https:\/\/milanmysik.com\/en\/2024\/05\/23\/prvni-dva-svetaky-dopadly-dobre\/","title":{"rendered":"Prvn\u00ed dva sv\u011b\u0165\u00e1ky dopadly dob\u0159e!"},"content":{"rendered":"<p>Kv\u011bten se ch\u00fdl\u00ed ke konci a j\u00e1 m\u00e1m za sebou 2 z\u00e1vody UCI E-EDR sv\u011btov\u00e9ho poh\u00e1ru. Na rozjezd jsem si p\u0159ed prvn\u00edm z\u00e1vodem sekl z\u00e1vod ve Francii, abych se rozjezdil a druh\u00fd kv\u011btnov\u00fd v\u00edkend u\u017e \u0161lo do tuh\u00e9ho.<\/p>\n<p>&nbsp;<\/p>\n<p style=\"font-weight: 400;\"><strong>UCI E-EDR #1 Finale Ligure<\/strong><br \/>\nPo lo\u0148sk\u00e9 sezon\u011b jsem nev\u011bd\u011bl, co m\u00e1m od toho o\u010dek\u00e1vat, plno nervozity, nov\u00e9 kolo, men\u0161\u00ed baterka, a tak se mi hlavou honily my\u0161lenky, zda to v\u016fbec objedu na 625 Wh baterii, jeliko\u017e ka\u017ed\u00fd loop m\u011bl p\u0159ev\u00fd\u0161en\u00ed kolem 1400 metr\u016f. Konkurence byla na\u0161lapan\u00e1 festovn\u011b, 9 RZ a celkov\u00fd z\u00e1vod m\u011bl asi 90 km a z\u00e1vodn\u00ed \u010das kolem pades\u00e1ti minut \u2013 po\u0159\u00e1dn\u00e1 porce na rozjezd.<\/p>\n<p style=\"font-weight: 400;\">Cel\u00fd z\u00e1vod jsem se pohyboval na hran\u011b 20-25. m\u00edsta, kdy\u017e se po\u0159ad\u00ed p\u0159es\u00fdpalo ka\u017edou RZ. O celkov\u00e9m 22. m\u00edst\u011b jsem rozhodl v&nbsp;posledn\u00ed stage DH MEN, kde jsem zajel 11. nejrychlej\u0161\u00ed \u010das. Nakonec celkem spokojenost, i kdy\u017e rezervy tam byly.<\/p>\n<p><img loading=\"lazy\" decoding=\"async\" class=\"alignnone size-full wp-image-3896\" src=\"http:\/\/milanmysik.com\/wp-content\/uploads\/2024\/05\/f6bcab95acf4a95c8b6b0505e758276a-e1716456000351.jpeg\" alt=\"\" width=\"1200\" height=\"800\"><\/p>\n<p>Celkov\u011b to byl mega t\u011b\u017ek\u00fd z\u00e1vod, ve stag\u00edch byly prudk\u00e9 a technick\u00e9 v\u00fd\u0161lapy, kter\u00e9 prov\u011b\u0159ily d\u016fkladn\u011b fyzi\u010dku. Bohu\u017eel jsem poznal deficit z\u00e1kladn\u00edho motoru Shimano EP8, kdy\u017e ostatn\u00ed soupe\u0159i m\u011bli motory se z\u00e1vodn\u00edm softwarem.<\/p>\n<p>\u017d\u00e1dn\u00e9 v\u00fdmluvy, jede se d\u00e1l s&nbsp;t\u00edm, co m\u00e1m k&nbsp;dispozici! Na za\u010d\u00e1tek dobr\u00fd.<\/p>\n<p><strong>UCI E-EDR #2 Bielsko Biala<\/strong><br \/>\nHned dal\u0161\u00ed t\u00fdden u\u017e se z\u00e1vodilo bl\u00edzko \u010desk\u00e9 hranici v&nbsp;Bielsko-Biala. C\u00edlem byla dvac\u00edtka. 9 RZ, 2700m p\u0159ev\u00fd\u0161en\u00ed na 50km, byla solidn\u00ed porce. Tla\u010dil jsem co to \u0161lo, po prvn\u00edm loopu jsem byl 17., abych ve druh\u00e9 power stagi klesl na 20. m\u00edsto. Posledn\u00ed 2 stage byly sjezdov\u00e9 a op\u011bt jsem se posunul, sta\u010dilo to na 16. m\u00edsto , co\u017e je t\u00e9m\u011b\u0159 po dvou letech m\u016fj nejlep\u0161\u00ed v\u00fdsledek!<\/p>\n<p style=\"font-weight: 400;\"><img loading=\"lazy\" decoding=\"async\" class=\"alignnone size-full wp-image-3895\" src=\"http:\/\/milanmysik.com\/wp-content\/uploads\/2024\/05\/IMG_0304-scaled-e1716455952367.jpg\" alt=\"\" width=\"1200\" height=\"801\"><\/p>\n<p>Cesta k&nbsp;c\u00edli nebyla jednoduch\u00e1. V&nbsp;Prvn\u00edm loopu ve 3 RZ z&nbsp;5 jsem trefil pa\u0159ez a ohnul kliku i ped\u00e1l. S&nbsp;t\u00edm jsem pak musel jet power stage a posledn\u00ed 5. RZ, p\u0159i\u010dem\u017e \u0161lapat se dalo fakt dost blb\u011b. V&nbsp;techzone jsme dali nov\u00fd ped\u00e1l a novou kliku, v\u0161e \u0161lapalo perfektn\u011b. Bohu\u017eel v&nbsp;posledn\u00ed RZ se mi povolila zadn\u00ed osa a t\u00edm p\u00e1dem jsem nemohl fini\u0161ovat, kdy\u017e posledn\u00ed 500m bylo jen \u0161lap\u00e1n\u00ed. Proto jsem i ta spokojen s&nbsp;16. m\u00edstem a v\u011b\u0159\u00edm, \u017ee p\u0159\u00ed\u0161t\u011b u\u017e to bude do patn\u00e1ctky!<\/p>\n<p><span style=\"font-weight: 400;\">D\u00edky v\u0161em za support a fand\u011bn\u00ed.<\/span><\/p>\n<p>&nbsp;<\/p>\nngg_shortcode_0_placeholder","protected":false},"excerpt":{"rendered":"<p>Kv\u011bten se ch\u00fdl\u00ed ke konci a j\u00e1 m\u00e1m za sebou 2 z\u00e1vody UCI E-EDR sv\u011btov\u00e9ho poh\u00e1ru. Na rozjezd jsem si p\u0159ed prvn\u00edm [&hellip;]<\/p>","protected":false},"author":2,"featured_media":3910,"comment_status":"open","ping_status":"open","sticky":false,"template":"post-templates\/post_nosidebar.php","format":"standard","meta":{"ngg_post_thumbnail":0,"footnotes":""},"categories":[1],"tags":[],"class_list":["post-3894","post","type-post","status-publish","format-standard","has-post-thumbnail","hentry","category-nezarazene"],"jetpack_featured_media_url":"https:\/\/milanmysik.com\/wp-content\/uploads\/2024\/05\/milan-mysik-EDR_1-2-2024-START.jpg","_links":{"self":[{"href":"https:\/\/milanmysik.com\/en\/wp-json\/wp\/v2\/posts\/3894","targetHints":{"allow":["GET"]}}],"collection":[{"href":"https:\/\/milanmysik.com\/en\/wp-json\/wp\/v2\/posts"}],"about":[{"href":"https:\/\/milanmysik.com\/en\/wp-json\/wp\/v2\/types\/post"}],"author":[{"embeddable":true,"href":"https:\/\/milanmysik.com\/en\/wp-json\/wp\/v2\/users\/2"}],"replies":[{"embeddable":true,"href":"https:\/\/milanmysik.com\/en\/wp-json\/wp\/v2\/comments?post=3894"}],"version-history":[{"count":2,"href":"https:\/\/milanmysik.com\/en\/wp-json\/wp\/v2\/posts\/3894\/revisions"}],"predecessor-version":[{"id":3911,"href":"https:\/\/milanmysik.com\/en\/wp-json\/wp\/v2\/posts\/3894\/revisions\/3911"}],"wp:featuredmedia":[{"embeddable":true,"href":"https:\/\/milanmysik.com\/en\/wp-json\/wp\/v2\/media\/3910"}],"wp:attachment":[{"href":"https:\/\/milanmysik.com\/en\/wp-json\/wp\/v2\/media?parent=3894"}],"wp:term":[{"taxonomy":"category","embeddable":true,"href":"https:\/\/milanmysik.com\/en\/wp-json\/wp\/v2\/categories?post=3894"},{"taxonomy":"post_tag","embeddable":true,"href":"https:\/\/milanmysik.com\/en\/wp-json\/wp\/v2\/tags?post=3894"}],"curies":[{"name":"wp","href":"https:\/\/api.w.org\/{rel}","templated":true}]}}