{"id":3926,"date":"2024-07-17T10:28:18","date_gmt":"2024-07-17T08:28:18","guid":{"rendered":"http:\/\/milanmysik.com\/?p=3926"},"modified":"2024-07-17T10:28:18","modified_gmt":"2024-07-17T08:28:18","slug":"top-20-na-svetaku-v-aletsch-glacier","status":"publish","type":"post","link":"https:\/\/milanmysik.com\/en\/2024\/07\/17\/top-20-na-svetaku-v-aletsch-glacier\/","title":{"rendered":"TOP 20 na sv\u011b\u0165\u00e1ku v Aletsch Glacier"},"content":{"rendered":"<p><strong>Sez\u00f3na se p\u0159ehoupla do druh\u00e9 poloviny a letos m\u00e1m za sebou u\u017e 5 &nbsp;sv\u011b\u0165\u00e1k\u016f. Ten posledn\u00ed se jel v polovin\u011b \u010dervence v nov\u00e9 lokalit\u011b, ve \u0161v\u00fdcarsk\u00fdch alp\u00e1ch v Aletsch Glacier. Kr\u00e1sn\u00e1, nov\u00e1 lokalita, ve vysok\u00e9 nadmo\u0159sk\u00e9 v\u00fd\u0161ce s \u00fachvatn\u00fdmi v\u00fdhledy na ledovce a pln\u00e1 kr\u00e1sn\u00fdch trail\u016f.<\/strong><\/p>\n<p>E-EDR okruh m\u011bl 82 kilometr\u016f, t\u00e9m\u011b\u0159 3000 metr\u016f nastoup\u00e1no, 6000 metr\u016f nakles\u00e1no a to v\u0161e za 9 RZ, z toho dv\u011b technick\u00e9 powerstage.<\/p>\n<p>Na startu nechyb\u011bla kompletn\u00ed sv\u011btov\u00e1 e-bike enduro \u0161pi\u010dka, krom\u011b Martina Maese, kter\u00fd up\u0159ednostnil norm\u00e1ln\u00ed enduro tentokr\u00e1t. Skv\u011bl\u00e9 po\u010das\u00ed p\u0159edznamenalo kr\u00e1sn\u00fd z\u00e1vod. Prvn\u00ed loop m\u011bl 5 RZ, druh\u00fd 4 RZ. Prvn\u00ed byl v\u00edce sjezdov\u00fd, druh\u00fd v\u00edce \u0161lapav\u00fd.<\/p>\n<p>Hned prvn\u00ed dv\u011b stage byly dost vostr\u00fd downhillovky. Zat\u00edmco prvn\u00ed mi vy\u0161la, ve druh\u00e9 sem vylet\u011bl z uta\u017een\u00fdch switchback\u016f a musel se vr\u00e1tit na tra\u0165. \u0160koda, dobr\u00fdch 20 sekund jsem tam ztratil. Pak mi vy\u0161la letos poprv\u00e9 powerstage, kde jsem bral 14. m\u00edsto. Dal\u0161\u00ed stage byly dost fyzicky t\u011b\u017ek\u00fd. Po prvn\u00edm loopu mi pat\u0159ilo 16. m\u00edsto, co\u017e byla dobr\u00e1 vyhl\u00eddka, ale z\u00e1rove\u0148 jsem v\u011bd\u011bl, \u017ee v druh\u00e9m loopu budu v nev\u00fdhod\u011b.&nbsp;<\/p>\n<p><img loading=\"lazy\" decoding=\"async\" class=\"alignnone size-full wp-image-3927\" src=\"http:\/\/milanmysik.com\/wp-content\/uploads\/2024\/07\/E_EDR_Bellwald_150724-06419-scaled-e1721204336141.jpg\" alt=\"\" width=\"1200\" height=\"800\"><\/p>\n<p>Ve druh\u00e9m loopu jsem v eRZt\u00e1ch ode\u0161el fyzicky, to ale asi v\u0161\u010dichni, jen prost\u011b v technick\u00fdch v\u00fdjezdech mi motor nepom\u00e1hal tak ide\u00e1ln\u011b d\u00edky z\u00e1kladn\u00edmu nastaven\u00ed a star\u0161\u00edmu typu motoru. Tady jsem na kluky ztr\u00e1cel dost, ale vyhl\u00eddka b\u00fdt v TOP 20 m\u011b hnala dop\u0159edu. Vy\u0161la mi kupodivu i druh\u00e1 powerstage, ne \u00fapln\u011b ide\u00e1ln\u011b ale ztr\u00e1ta byla mal\u00e1 &#8211; fakt jsem z toho m\u011b radost! P\u0159edspoledn\u00ed stage byla dost do kopce s n\u011bkolika v\u00fd\u0161lapy. Zapomn\u011bl jsem si na startu nasadit br\u00fdle, tak\u017ee jsem je nasazoval za j\u00edzdy v trailu &#8211; na\u0161t\u011bst\u00ed jsem u toho nespadl, ale m\u00e1lem jo&#8230;<\/p>\n<p><img loading=\"lazy\" decoding=\"async\" class=\"alignnone size-full wp-image-3928\" src=\"http:\/\/milanmysik.com\/wp-content\/uploads\/2024\/07\/E_EDR_Bellwald_150724-06519-scaled-e1721204580821.jpg\" alt=\"\" width=\"1200\" height=\"800\"><\/p>\n<p>Posledn\u00ed stage u\u017e byla kr\u00e1tk\u00e1, n\u00e1sledoval dlouh\u00fd dojezd do c\u00edle, kde jsem zjistil, \u017ee jsem skon\u010dil 17. Nejprve vl\u00e1dlo zklam\u00e1n\u00ed, cht\u011bl jsem zajet patn\u00e1ctku, ale i TOP 20 beru!!! Nav\u00edc v celkov\u00e9m po\u0159ad\u00ed jsem posko\u010dil na 18. m\u00edsto. V z\u00e1\u0159\u00ed se jede posledn\u00ed z\u00e1vod E-EDR ve francouzk\u00e9m Loudenvielle, ov\u0161em je\u0161t\u011b nev\u00edm jestli pojedu&#8230; Ka\u017edop\u00e1dn\u011b nyn\u00ed o v\u00edkendu jedeme bojovat o titul mistra \u010cR do Kout\u016f.<\/p>\nngg_shortcode_0_placeholder","protected":false},"excerpt":{"rendered":"<p>Sez\u00f3na se p\u0159ehoupla do druh\u00e9 poloviny a letos m\u00e1m za sebou u\u017e 5 &nbsp;sv\u011b\u0165\u00e1k\u016f. Ten posledn\u00ed se jel v polovin\u011b \u010dervence v [&hellip;]<\/p>","protected":false},"author":2,"featured_media":3929,"comment_status":"open","ping_status":"open","sticky":false,"template":"post-templates\/post_nosidebar.php","format":"standard","meta":{"ngg_post_thumbnail":0,"footnotes":""},"categories":[1],"tags":[],"class_list":["post-3926","post","type-post","status-publish","format-standard","has-post-thumbnail","hentry","category-nezarazene"],"jetpack_featured_media_url":"https:\/\/milanmysik.com\/wp-content\/uploads\/2024\/07\/E_EDR_Bellwald_150724-06755-scaled.jpg","_links":{"self":[{"href":"https:\/\/milanmysik.com\/en\/wp-json\/wp\/v2\/posts\/3926","targetHints":{"allow":["GET"]}}],"collection":[{"href":"https:\/\/milanmysik.com\/en\/wp-json\/wp\/v2\/posts"}],"about":[{"href":"https:\/\/milanmysik.com\/en\/wp-json\/wp\/v2\/types\/post"}],"author":[{"embeddable":true,"href":"https:\/\/milanmysik.com\/en\/wp-json\/wp\/v2\/users\/2"}],"replies":[{"embeddable":true,"href":"https:\/\/milanmysik.com\/en\/wp-json\/wp\/v2\/comments?post=3926"}],"version-history":[{"count":1,"href":"https:\/\/milanmysik.com\/en\/wp-json\/wp\/v2\/posts\/3926\/revisions"}],"predecessor-version":[{"id":3939,"href":"https:\/\/milanmysik.com\/en\/wp-json\/wp\/v2\/posts\/3926\/revisions\/3939"}],"wp:featuredmedia":[{"embeddable":true,"href":"https:\/\/milanmysik.com\/en\/wp-json\/wp\/v2\/media\/3929"}],"wp:attachment":[{"href":"https:\/\/milanmysik.com\/en\/wp-json\/wp\/v2\/media?parent=3926"}],"wp:term":[{"taxonomy":"category","embeddable":true,"href":"https:\/\/milanmysik.com\/en\/wp-json\/wp\/v2\/categories?post=3926"},{"taxonomy":"post_tag","embeddable":true,"href":"https:\/\/milanmysik.com\/en\/wp-json\/wp\/v2\/tags?post=3926"}],"curies":[{"name":"wp","href":"https:\/\/api.w.org\/{rel}","templated":true}]}}