{"id":3954,"date":"2024-07-24T06:28:20","date_gmt":"2024-07-24T04:28:20","guid":{"rendered":"http:\/\/milanmysik.com\/?p=3954"},"modified":"2024-07-24T06:29:16","modified_gmt":"2024-07-24T04:29:16","slug":"3954","status":"publish","type":"post","link":"https:\/\/milanmysik.com\/en\/2024\/07\/24\/3954\/","title":{"rendered":"E-EDR M\u010cR Kouty &#8211; titul, kter\u00fd nebyl zadarmo"},"content":{"rendered":"<p style=\"font-weight: 400;\"><strong>V r\u00e1mci Enduro s\u00e9rie v Koutech se letos jelo M\u010cR v enduru a v\u016fbec poprv\u00e9 se taky rozd\u00e1valy tituly v kategorii e-bike. T\u00edm, \u017ee se to jelo v jeden v\u00edkend a v jeden den, tak se n\u00e1s e-biker\u016f moc nese\u0161lo. D\u00edky zahrani\u010dn\u00edm jezdc\u016fm n\u00e1s bylo alespo\u0148 p\u00e1r a z\u00e1vod byl zaj\u00edmav\u00fd.<\/strong><\/p>\n<p>E-biky tradi\u010dn\u011b za\u010d\u00ednali sobotn\u00edm programem. 3 RZ z&nbsp;toho 2x technick\u00e1 powerstage a 1 RZ dol\u016f, ale nechyb\u011bl v&nbsp;n\u00ed technick\u00fd v\u00fdjezd. M\u00e1lem jsem ani nestihl sobotn\u00ed start, kdy\u017e jsem p\u016fl hodiny p\u0159ed startem zjistil, \u017ee m\u00e1m praskl\u00fd t\u0159men zadn\u00ed brzdy. D\u00edky Vojtovi Moudr\u00fdmu, kter\u00fd mi p\u016fj\u010dil alespo\u0148 XT t\u0159men a kluk\u016fm z&nbsp;Bike garage Prost\u011bjov jsem za p\u011bt dvan\u00e1ct st\u00e1l na startu u\u017e p\u011bkn\u011b propocenej.<\/p>\n<p style=\"font-weight: 400;\"><img loading=\"lazy\" decoding=\"async\" class=\"alignnone size-full wp-image-3941\" src=\"http:\/\/milanmysik.com\/wp-content\/uploads\/2024\/07\/H2SS0098-scaled-e1721792334467.jpg\" alt=\"\" width=\"1200\" height=\"800\"><\/p>\n<p style=\"font-weight: 400;\">Powerstage byly technicky super a uk\u00e1zala kdo m\u00e1 jak\u00fd skills a taky motor. Shimano EP8 bylo na limitu a j\u00e1 fyzicky taky, ani to nesta\u010dilo na Michala Prokopa a Vojtu Moudr\u00e9ho. A\u010dkoliv jsem po sobotn\u00edm programu vedl o p\u00e1r vte\u0159inek vedl, bylo to d\u00edky posledn\u00ed RZ, kde jsem kluky porazil, ale v&nbsp;powerstagi m\u011b p\u011bkn\u011b vyprovodili.<\/p>\n<p><img loading=\"lazy\" decoding=\"async\" class=\"alignnone size-full wp-image-3942\" src=\"http:\/\/milanmysik.com\/wp-content\/uploads\/2024\/07\/H2SS0144-scaled-e1721792541585.jpg\" alt=\"\" width=\"1200\" height=\"800\"><\/p>\n<p>V ned\u011bli u\u017e jsem na e-biku kop\u00edrovali b\u011b\u017enou trasu enduro race kategorie, tak\u017ee 6 sjezdov\u00fdch RZ. Trat\u011b byly dost rozsekan\u00e9, ale skv\u011bl\u00e9. To d\u00edky parametr\u016fm, kter\u00e9 Kouty nab\u00edzej\u00ed. Sv\u016fj n\u00e1skok se mi poda\u0159ilo postupn\u011b navy\u0161ovat. Nejv\u00edce jsem soupe\u0159\u016fm usko\u010dil na RZ 3 a RZ 6, kter\u00e9 m\u011bly kolem sedmi minut. Cel\u00fd den se mi jezdilo skv\u011ble, jel jsem uvoln\u011bn\u011b s&nbsp;malou rezervou, abych se n\u011bkde zbyte\u010dn\u011b nerozbil. Celkov\u011b jsem vyhr\u00e1l o 45 sekund p\u0159ed t\u00fdmov\u00fdm par\u0165\u00e1kem z&nbsp;KURu Vojtou Moudr\u00fdm a dal\u0161\u00edch 25 sekund p\u0159ed Michalem Prokopem.<\/p>\n<p><img loading=\"lazy\" decoding=\"async\" class=\"alignnone size-full wp-image-3943\" src=\"http:\/\/milanmysik.com\/wp-content\/uploads\/2024\/07\/H2SS0864-scaled-e1721792945953.jpg\" alt=\"\" width=\"1200\" height=\"800\"><\/p>\n<p>E-bike NS E-Fine m\u011b podr\u017eel i v&nbsp;hnusn\u00fdch, t\u011b\u017ek\u00fdch m\u00edstech, kter\u00fdch tam bylo hned n\u011bkolik. Hlavn\u011b ty komprese. Odpru\u017een\u00ed makalo, jak m\u011blo, jeliko\u017e se mi to b\u011bhem tr\u00e9ninku poda\u0159ilo \u0161pi\u010dkov\u011b naladit<\/p>\n<p><img loading=\"lazy\" decoding=\"async\" class=\"alignnone size-full wp-image-3944\" src=\"http:\/\/milanmysik.com\/wp-content\/uploads\/2024\/07\/H2SS0885-scaled-e1721793009461.jpg\" alt=\"\" width=\"1200\" height=\"800\"><\/p>\n<p>Jsem r\u00e1d, \u017ee po zisku titulu v&nbsp;enduro 2018 jsem vyhr\u00e1l i premi\u00e9rov\u00fd titul mezi e-bikery a douf\u00e1m, \u017ee se bude e-bike kategorie v&nbsp;\u010cR pomalu rozr\u016fstat, proto\u017ee by to byla \u0161koda, kdy\u017e ty z\u00e1vody jsou atraktivn\u00ed, intenzivn\u00ed a UCI to taky tla\u010d\u00ed v\u00edc a v\u00edc dop\u0159edu.<\/p>\n<p style=\"font-weight: 400;\"><img loading=\"lazy\" decoding=\"async\" class=\"alignnone size-full wp-image-3949\" src=\"http:\/\/milanmysik.com\/wp-content\/uploads\/2024\/07\/H2SS0886-scaled-e1721794674851.jpg\" alt=\"\" width=\"1200\" height=\"800\"><br \/>\nZa fotky d\u011bkuju J\u00e1rovi Sijkovi a Markovi Hus\u00e1rovi.<\/p>\n<p>D\u00edky v\u0161em partner\u016fm a sponzor\u016fm za podporu, jmenovit\u011b:<br \/>\nZVS&amp;LVS, NS BIKES, KUR sport, VSSPED, Auto Trutnov, Revize-ez. FOX RACING N1 shop,Aspire sports, Revolution cycles, Cyklo \u0160vec, Progresscycle, Bikeaction, PTN, AVS Racing,\u2028Simply Mix\u2028a FyzioToncar<\/p>\n<p>Radost a gratulace cel\u00e9mu KUR Enduro t\u00fdmu.<br \/>\nVojta Moudr\u00fd P2 E-bike<br \/>\nJan Vaner P2 Masters<br \/>\nFejola Nestlerov\u00e1 P3 \u017deny<\/p>\n<p><img loading=\"lazy\" decoding=\"async\" class=\"alignnone size-full wp-image-3952\" src=\"http:\/\/milanmysik.com\/wp-content\/uploads\/2024\/07\/IMG_2631-scaled-e1721795010500.jpg\" alt=\"\" width=\"1200\" height=\"900\"><\/p>\n<p><a href=\"http:\/\/milanmysik.com\/wp-content\/uploads\/2024\/07\/IMG_2631.heic\"><img decoding=\"async\" class=\"alignnone size-full wp-image-3950\" src=\"http:\/\/milanmysik.com\/wp-content\/uploads\/2024\/07\/IMG_2631.heic\" alt=\"\"><\/a><\/p>","protected":false},"excerpt":{"rendered":"<p>V r\u00e1mci Enduro s\u00e9rie v Koutech se letos jelo M\u010cR v enduru a v\u016fbec poprv\u00e9 se taky rozd\u00e1valy tituly v kategorii e-bike. [&hellip;]<\/p>","protected":false},"author":2,"featured_media":3953,"comment_status":"open","ping_status":"open","sticky":false,"template":"post-templates\/post_nosidebar.php","format":"standard","meta":{"ngg_post_thumbnail":0,"footnotes":""},"categories":[1],"tags":[],"class_list":["post-3954","post","type-post","status-publish","format-standard","has-post-thumbnail","hentry","category-nezarazene"],"jetpack_featured_media_url":"https:\/\/milanmysik.com\/wp-content\/uploads\/2024\/07\/M40_6394-scaled.jpg","_links":{"self":[{"href":"https:\/\/milanmysik.com\/en\/wp-json\/wp\/v2\/posts\/3954","targetHints":{"allow":["GET"]}}],"collection":[{"href":"https:\/\/milanmysik.com\/en\/wp-json\/wp\/v2\/posts"}],"about":[{"href":"https:\/\/milanmysik.com\/en\/wp-json\/wp\/v2\/types\/post"}],"author":[{"embeddable":true,"href":"https:\/\/milanmysik.com\/en\/wp-json\/wp\/v2\/users\/2"}],"replies":[{"embeddable":true,"href":"https:\/\/milanmysik.com\/en\/wp-json\/wp\/v2\/comments?post=3954"}],"version-history":[{"count":2,"href":"https:\/\/milanmysik.com\/en\/wp-json\/wp\/v2\/posts\/3954\/revisions"}],"predecessor-version":[{"id":3957,"href":"https:\/\/milanmysik.com\/en\/wp-json\/wp\/v2\/posts\/3954\/revisions\/3957"}],"wp:featuredmedia":[{"embeddable":true,"href":"https:\/\/milanmysik.com\/en\/wp-json\/wp\/v2\/media\/3953"}],"wp:attachment":[{"href":"https:\/\/milanmysik.com\/en\/wp-json\/wp\/v2\/media?parent=3954"}],"wp:term":[{"taxonomy":"category","embeddable":true,"href":"https:\/\/milanmysik.com\/en\/wp-json\/wp\/v2\/categories?post=3954"},{"taxonomy":"post_tag","embeddable":true,"href":"https:\/\/milanmysik.com\/en\/wp-json\/wp\/v2\/tags?post=3954"}],"curies":[{"name":"wp","href":"https:\/\/api.w.org\/{rel}","templated":true}]}}