{"id":897,"date":"2019-03-20T13:53:44","date_gmt":"2019-03-20T12:53:44","guid":{"rendered":"http:\/\/milanmysik.com\/?p=897"},"modified":"2019-04-04T15:02:13","modified_gmt":"2019-04-04T13:02:13","slug":"azores-enduro-fest","status":"publish","type":"post","link":"https:\/\/milanmysik.com\/en\/2019\/03\/20\/azores-enduro-fest\/","title":{"rendered":"Azores Enduro Fest"},"content":{"rendered":"<p><strong>Je listopad 2018, st\u00e1le odpo\u010d\u00edv\u00e1m po&nbsp;n\u00e1ro\u010dn\u00e9 sez\u00f3n\u011b, kdy\u017e moj\u00ed milou Iv\u010du poslouch\u00e1m, jak by se cht\u011bla pod\u00edvat na Azorsk\u00e9 ostrovy. Jako dovolen\u00e1? Jo, \u0159ekla mi okam\u017eit\u011b. Moje reakce byla ze za\u010d\u00e1tku lehce negativn\u00ed, ale kdy\u017e m\u011b napadla my\u0161lenka spojit to s&nbsp;tr\u00e9ninkem, pota\u017emo z\u00e1vody, u\u017e jsem o tom za\u010dal opravdu p\u0159em\u00fd\u0161let.<\/strong><\/p>\n<p>Hned jsem za\u010dal googlit n\u011bco o m\u00edstn\u00edch podm\u00ednk\u00e1ch k&nbsp;je\u017ed\u011bn\u00ed, z\u00e1vodech apod. Je b\u0159ezen 2019 a jak zn\u00e1mo z&nbsp;reportu Madeiry, Finale Ligure u\u017e m\u011b v&nbsp;b\u0159eznu tolik nel\u00e1kalo. Tak\u017ee 9. 3. p\u0159ist\u00e1v\u00e1me na ostrov\u011b Sao Miguel uprost\u0159ed Atlantick\u00e9ho oce\u00e1nu. Je to t\u00fdden p\u0159ed nejv\u011bt\u0161\u00edm z\u00e1vodem, kter\u00fd se zde na ostrovech kon\u00e1, a to Azores Enduro Fest. Prvn\u00ed polovinu desetidenn\u00edho tripu jsme str\u00e1vili v\u00fdletov\u00e1n\u00edm, okouk\u00e1v\u00e1n\u00edm m\u00edstn\u00edch kr\u00e1s, kter\u00e9 jsou opravdu jedine\u010dn\u00e9 a taky m\u011b Iv\u010da p\u00e1rkr\u00e1t po turistice vyvezla na n\u011bjak\u00fd ten trail.<\/p>\n<p><img loading=\"lazy\" decoding=\"async\" class=\"size-full wp-image-1058\" src=\"http:\/\/milanmysik.com\/wp-content\/uploads\/2019\/03\/G0021900.jpg\" alt=\"\" width=\"1200\" height=\"900\" srcset=\"https:\/\/milanmysik.com\/wp-content\/uploads\/2019\/03\/G0021900.jpg 1200w, https:\/\/milanmysik.com\/wp-content\/uploads\/2019\/03\/G0021900-300x225.jpg 300w, https:\/\/milanmysik.com\/wp-content\/uploads\/2019\/03\/G0021900-768x576.jpg 768w, https:\/\/milanmysik.com\/wp-content\/uploads\/2019\/03\/G0021900-1024x768.jpg 1024w, https:\/\/milanmysik.com\/wp-content\/uploads\/2019\/03\/G0021900-830x623.jpg 830w, https:\/\/milanmysik.com\/wp-content\/uploads\/2019\/03\/G0021900-230x173.jpg 230w, https:\/\/milanmysik.com\/wp-content\/uploads\/2019\/03\/G0021900-350x263.jpg 350w, https:\/\/milanmysik.com\/wp-content\/uploads\/2019\/03\/G0021900-480x360.jpg 480w\" sizes=\"auto, (max-width: 1200px) 100vw, 1200px\" \/><br \/>\nAzores Enduro fest &#8211; Milan Mysik<\/p>\n<p>Ve st\u0159edu se p\u0159esouv\u00e1me na v\u00fdchodn\u00ed pob\u0159e\u017e\u00ed ostrova do vesni\u010dky Faial de Terra. Jsem kr\u00e1sn\u011b odpo\u010dinut\u00fd, proto\u017ee st\u0159edu jsme str\u00e1vili v&nbsp;l\u00e1zn\u00edch hork\u00fdch pramen\u016f v m\u011bste\u010dku Furnas, tak\u017ee jsem pln\u011b ready na \u010dty\u0159i dny bajkov\u00e1n\u00ed.<\/p>\n<p>Video z tr\u00e9ninkov\u00e9 j\u00edzdy trat\u011b DH Pontal do Verto:<\/p>\n<p><iframe loading=\"lazy\" title=\"Pontal do Verto DH track\" width=\"1170\" height=\"658\" src=\"https:\/\/www.youtube.com\/embed\/VQqjRdWxtw8?feature=oembed\" frameborder=\"0\" allow=\"accelerometer; autoplay; clipboard-write; encrypted-media; gyroscope; picture-in-picture; web-share\" allowfullscreen><\/iframe><\/p>\n<p>Hlava z\u00e1vodu Azores Enduro Fest se jmenuje Carlos \u2013 \u017eije ve m\u011bst\u011b Ponta Delgada a je fakt hustej. Rozjel bajkov\u00e1n\u00ed na tomto ostrov\u011b, stav\u00ed traily, v\u011bnuje se guidov\u00e1n\u00ed, m\u00e1 dv\u011b dod\u00e1vky v&nbsp;typick\u00fdm ostrovn\u00edm stylu s&nbsp;jedn\u00edm p\u0159\u00edv\u011bsem, m\u00e1 kolem sebe super lidi a v&nbsp;neposledn\u00ed \u0159ad\u011b skv\u011blou p\u0159\u00edtelkyni Lilii, kter\u00e1 mu s&nbsp;t\u00edm maxim\u00e1ln\u011b pom\u00e1h\u00e1, v\u011bnuje se fyzioterapii a spole\u010dn\u011b stav\u00ed nov\u00fd bar\u00e1k. Carlos n\u00e1s ubytoval v&nbsp;dom\u011b, kde zat\u00edm \u017eije se svou maminkou a bratrem. V\u0161e p\u0159\u00edstupn\u00e9, v\u0161ichni opravdu mil\u00ed a za tohle mu moc d\u011bkuji \u2013 Obrigado very much Carlos!<\/p>\n<p>A co v\u00edc? Carlos n\u00e1m zajistil i skv\u011bl\u00e9 ubytov\u00e1n\u00ed ve vesni\u010dce, kde se kon\u00e1 tento \u010dty\u0159denn\u00ed event.<\/p>\n<h4>TR\u00c9NINK<\/h4>\n<p>Rozvrh v\u00edkendu je jednoduch\u00fd. Carlos na Azorech pl\u00e1nuje velk\u00e9 v\u011bci, a proto se jede ve stylu EWS \u2013 dva dny tr\u00e9nink \/ dva dny z\u00e1vod. Shuttly? Zak\u00e1z\u00e1no! Ani po silnici? Ne, zak\u00e1z\u00e1no! Kdo poru\u0161\u00ed, nestartuje. Je\u0161t\u011b jednou moje ot\u00e1zka na n\u011bj. Shuttly jako v\u016fbec, v\u017edy\u0165 to bude z\u00e1vod na 8 hodin ty vole? Jo oba dny n\u00e1s vyvezou, ale jen n\u011bkam a pak \u0161lapete cel\u00fd den, \u0159\u00edk\u00e1 s&nbsp;\u00fasm\u011bvem. Zaj\u00edmav\u00e1, ale dobr\u00e1 teorie, pro v\u0161echny stejn\u00e1. Letos se Carlos rozhodl obohatit startovn\u00ed listinu o m\u011b, a je\u0161t\u011b ned\u00e1vno hv\u011bzdn\u00e9ho britsk\u00e9ho sjezda\u0159e Marca Beaumonta, k&nbsp;tomu na startovce nechyb\u011bla m\u00edstn\u00ed hv\u011bzda Jo\u00e3o Machado! Ve \u010dtvrtek naj\u00ed\u017ed\u00edme prvn\u00ed sobotn\u00ed z\u00e1vodn\u00ed den, v&nbsp;p\u00e1tek druh\u00fd ned\u011bln\u00ed z\u00e1vodn\u00ed den. Tr\u00e9ninky prob\u00edhaj\u00ed bez probl\u00e9m\u016f, prvn\u00ed den je dost mokro z&nbsp;vlhka, kter\u00e9 tu panuje celoro\u010dn\u011b. V&nbsp;posledn\u00ed \u010dtvrt\u00e9 RZ druh\u00e9ho tr\u00e9ninkov\u00e9ho dne jdu snad 3x k&nbsp;zemi, proto\u017ee to prost\u011b kurevsky klou\u017ee, v&nbsp;tak prudk\u00fdch switchback\u00e1ch. Ostatn\u00ed to maj\u00ed ale \u00fapln\u011b stejn\u011b. Proto ihned po tr\u00e9ninku jedu do vedlej\u0161\u00ed vesnice na benz\u00ednku p\u0159ezouvat p\u0159edn\u00ed pl\u00e1\u0161\u0165. No, co si budeme pov\u00eddat, bojoval jsem s&nbsp;t\u00edm, ale zvl\u00e1dl jsem to i bez poni\u010den\u00ed p\u00e1sky.<\/p>\n<p><img loading=\"lazy\" decoding=\"async\" class=\"alignnone size-full wp-image-1060\" src=\"http:\/\/milanmysik.com\/wp-content\/uploads\/2019\/03\/azores-enduro-fest-2019-day-i-practice-test-73.jpg\" alt=\"\" width=\"1200\" height=\"801\" srcset=\"https:\/\/milanmysik.com\/wp-content\/uploads\/2019\/03\/azores-enduro-fest-2019-day-i-practice-test-73.jpg 1200w, https:\/\/milanmysik.com\/wp-content\/uploads\/2019\/03\/azores-enduro-fest-2019-day-i-practice-test-73-300x200.jpg 300w, https:\/\/milanmysik.com\/wp-content\/uploads\/2019\/03\/azores-enduro-fest-2019-day-i-practice-test-73-768x513.jpg 768w, https:\/\/milanmysik.com\/wp-content\/uploads\/2019\/03\/azores-enduro-fest-2019-day-i-practice-test-73-1024x684.jpg 1024w, https:\/\/milanmysik.com\/wp-content\/uploads\/2019\/03\/azores-enduro-fest-2019-day-i-practice-test-73-830x554.jpg 830w, https:\/\/milanmysik.com\/wp-content\/uploads\/2019\/03\/azores-enduro-fest-2019-day-i-practice-test-73-230x154.jpg 230w, https:\/\/milanmysik.com\/wp-content\/uploads\/2019\/03\/azores-enduro-fest-2019-day-i-practice-test-73-350x234.jpg 350w, https:\/\/milanmysik.com\/wp-content\/uploads\/2019\/03\/azores-enduro-fest-2019-day-i-practice-test-73-480x320.jpg 480w, https:\/\/milanmysik.com\/wp-content\/uploads\/2019\/03\/azores-enduro-fest-2019-day-i-practice-test-73-272x182.jpg 272w\" sizes=\"auto, (max-width: 1200px) 100vw, 1200px\" \/><\/p>\n<p>Druh\u00fd tr\u00e9ninkov\u00fd den mi za\u010d\u00edn\u00e1 pon\u011bkud h\u016f\u0159. Hned po 300 metrech prvn\u00edho trailu potk\u00e1v\u00e1m kameramana z\u00e1vodu Michiela, jak sed\u00ed na z\u00eddce vedle trailu, perifern\u011b se pt\u00e1m, jestli je OK. Odpov\u011b\u010f zn\u00ed No, I am not OK. P\u0159ibr\u017e\u010fuji a sly\u0161\u00edm, jak sku\u010d\u00ed. Uchcal mu p\u0159edek na m\u00edstn\u00edm super slizk\u00e9m povrchu a odneslo to rameno. Pom\u00e1h\u00e1m mu s&nbsp;jeho bato\u017einou, kter\u00e1 m\u00e1 asi 30 kilo, dol\u016f po trailu, zat\u00edmco on jde vedle kola opatrn\u011b. P\u00e1tek mi neza\u010dal nejl\u00e9pe a doufal jsem, \u017ee mu nebude nic v\u00e1\u017en\u00e9ho, proto\u017ee nevypadal moc fresh. Ostatn\u00ed traily u\u017e jedu celkem v&nbsp;pohod\u011b, ale oproti prvn\u00edmu dni jsou traily o dost slab\u0161\u00ed. Co bylo na tr\u00e9nink\u00e1ch skv\u011bl\u00fd? \u017de jsme m\u011bli ob\u010derstvova\u010dku oba dva dny, ovoce, ty\u010dinky, voda \u2013 bomba!<\/p>\n<p><img loading=\"lazy\" decoding=\"async\" class=\"alignnone size-full wp-image-1086\" src=\"http:\/\/milanmysik.com\/wp-content\/uploads\/2019\/03\/azores-enduro-fest-2019-day-i-practice-test-35-1-e1554382912871.jpg\" alt=\"\" width=\"1200\" height=\"801\"><\/p>\n<p><img loading=\"lazy\" decoding=\"async\" class=\"alignnone size-full wp-image-1061\" src=\"http:\/\/milanmysik.com\/wp-content\/uploads\/2019\/03\/azores-enduro-fest-2019-day-II-practice-test-16.jpg\" alt=\"\" width=\"1200\" height=\"801\" srcset=\"https:\/\/milanmysik.com\/wp-content\/uploads\/2019\/03\/azores-enduro-fest-2019-day-II-practice-test-16.jpg 1200w, https:\/\/milanmysik.com\/wp-content\/uploads\/2019\/03\/azores-enduro-fest-2019-day-II-practice-test-16-300x200.jpg 300w, https:\/\/milanmysik.com\/wp-content\/uploads\/2019\/03\/azores-enduro-fest-2019-day-II-practice-test-16-768x513.jpg 768w, https:\/\/milanmysik.com\/wp-content\/uploads\/2019\/03\/azores-enduro-fest-2019-day-II-practice-test-16-1024x684.jpg 1024w, https:\/\/milanmysik.com\/wp-content\/uploads\/2019\/03\/azores-enduro-fest-2019-day-II-practice-test-16-830x554.jpg 830w, https:\/\/milanmysik.com\/wp-content\/uploads\/2019\/03\/azores-enduro-fest-2019-day-II-practice-test-16-230x154.jpg 230w, https:\/\/milanmysik.com\/wp-content\/uploads\/2019\/03\/azores-enduro-fest-2019-day-II-practice-test-16-350x234.jpg 350w, https:\/\/milanmysik.com\/wp-content\/uploads\/2019\/03\/azores-enduro-fest-2019-day-II-practice-test-16-480x320.jpg 480w, https:\/\/milanmysik.com\/wp-content\/uploads\/2019\/03\/azores-enduro-fest-2019-day-II-practice-test-16-272x182.jpg 272w\" sizes=\"auto, (max-width: 1200px) 100vw, 1200px\" \/><\/p>\n<h4>Z\u00c1VOD<\/h4>\n<p>Cel\u00fd z\u00e1vod odstartoval m\u011bstsk\u00fdm prologem ve m\u011bst\u011b Povo\u00e3co, kter\u00fd roz\u0159adil \u010dty\u0159ic\u00edtku z\u00e1vodn\u00edk\u016f. Jinak byl prolog celkem o ni\u010dem, ale kr\u00e1sn\u00fd v\u00fdhled&#8230;<\/p>\n<p><img loading=\"lazy\" decoding=\"async\" class=\"alignnone size-full wp-image-1063\" src=\"http:\/\/milanmysik.com\/wp-content\/uploads\/2019\/03\/azores-enduro-fest-2019-day-II-practice-test-65-1.jpg\" alt=\"\" width=\"1200\" height=\"801\" srcset=\"https:\/\/milanmysik.com\/wp-content\/uploads\/2019\/03\/azores-enduro-fest-2019-day-II-practice-test-65-1.jpg 1200w, https:\/\/milanmysik.com\/wp-content\/uploads\/2019\/03\/azores-enduro-fest-2019-day-II-practice-test-65-1-300x200.jpg 300w, https:\/\/milanmysik.com\/wp-content\/uploads\/2019\/03\/azores-enduro-fest-2019-day-II-practice-test-65-1-768x513.jpg 768w, https:\/\/milanmysik.com\/wp-content\/uploads\/2019\/03\/azores-enduro-fest-2019-day-II-practice-test-65-1-1024x684.jpg 1024w, https:\/\/milanmysik.com\/wp-content\/uploads\/2019\/03\/azores-enduro-fest-2019-day-II-practice-test-65-1-830x554.jpg 830w, https:\/\/milanmysik.com\/wp-content\/uploads\/2019\/03\/azores-enduro-fest-2019-day-II-practice-test-65-1-230x154.jpg 230w, https:\/\/milanmysik.com\/wp-content\/uploads\/2019\/03\/azores-enduro-fest-2019-day-II-practice-test-65-1-350x234.jpg 350w, https:\/\/milanmysik.com\/wp-content\/uploads\/2019\/03\/azores-enduro-fest-2019-day-II-practice-test-65-1-480x320.jpg 480w, https:\/\/milanmysik.com\/wp-content\/uploads\/2019\/03\/azores-enduro-fest-2019-day-II-practice-test-65-1-272x182.jpg 272w\" sizes=\"auto, (max-width: 1200px) 100vw, 1200px\" \/><\/p>\n<p>V&nbsp;sobotu v&nbsp;8.00 riders meeting, kde se nedov\u00edd\u00e1me t\u00e9m\u011b\u0159 nic. Silnice klasicky vlhk\u00e9, tak\u017ee to bude zas klouzanice, domn\u00edv\u00e1m se. Nakl\u00e1d\u00e1me kola na trucky, sed\u00e1me do autobusu a jedeme horekopcom asi hodinu. Vysad\u00ed n\u00e1s, dostaneme n\u00e1lepky s&nbsp;\u010dasy start\u016f a postupn\u011b s&nbsp;minutov\u00fdmi intervaly startujeme na prvn\u00ed transfer, je\u0161t\u011b v\u00fd\u0161. Prvn\u00ed RZta m\u00e1 4,5 km a p\u0159ev\u00fd\u0161en\u00ed skoro 750 metr\u016f. Startuju p\u0159edposledn\u00ed za Beaumontem a Machadem. U\u017e tak po p\u011bti minut\u00e1ch sotva dr\u017e\u00edm \u0159\u00edd\u00edtka, jakej to je drtikol dol\u016f po kamenech, beru za to v\u0161ude, kde se d\u00e1, c\u00edtil jsem se dob\u0159e! Ve spodn\u00ed bahnit\u00e9 \u010d\u00e1sti taky nechybuji a v&nbsp;c\u00edli m\u00e1m z&nbsp;j\u00edzdy dobr\u00fd pocit. Machado se hned v&nbsp;prvn\u00ed RZt\u011b odst\u0159elil, kdy\u017e \u0161el do kotrmelc\u016f, a je\u0161t\u011b rozbil p\u0159ehazku. Transfer na dvojku je knopovka a stihlo ho asi 7 z\u00e1vodn\u00edk\u016f, i j\u00e1 jsem m\u011bl co d\u011blat. Dvojka je hodn\u011b \u0161lapav\u00e1 a technick\u00e1. Nov\u00e1 stage, kde \u010dlov\u011bk \u0161krt\u00e1 \u0159\u00edd\u00edtkama o stromy. V&nbsp;c\u00edli j\u00ed p\u011bkn\u011b dlouho vydejch\u00e1v\u00e1m. Trojka je jedna ze dvou sjezdov\u00fdch trat\u00ed, kter\u00e9 jsou v&nbsp;t\u00e9to oblasti \u2013 a pro zm\u011bnu to klou\u017ee jako prase, tak\u017ee vol\u00edm jistotu a opatrnost. V&nbsp;t\u00e9to stagi m\u00e1m stejn\u00fd \u010das jak Beaumont \u2013 to nen\u00ed \u0161patn\u00fd, na to, \u017ee 2x vyhr\u00e1l SP ve sjezdu a 2x byl p\u00e1t\u00fd celkov\u011b ve SP DH a k&nbsp;tomu m\u00e1 10 p\u00f3diov\u00fdch um\u00edst\u011bn\u00ed na SP, medaily z&nbsp;ME, tituly z&nbsp;n\u00e1rodn\u00edho \u0161ampiont\u00e1u apod\u2026 Za to od Machada dost\u00e1v\u00e1me kr\u00e1sn\u00fdch 7 sekund oba dva hehe\u2026 Na \u010dty\u0159ku u\u017e se t\u011b\u0161\u00edm, dva silov\u00e9 dlouh\u00e9 v\u00fd\u0161lapy by mi mohly hr\u00e1t do karet a pak kone\u010dn\u011b technick\u00e1 DH \u010d\u00e1st, kde nemus\u00edm jet \u00fapln\u011b rychle. V&nbsp;t\u00e9to RZ jsem stejn\u011b jako v&nbsp;jedni\u010dce dok\u00e1zal zv\u00edt\u011bzit, povedla se mi zajet skv\u011ble, oproti tr\u00e9ninku, kde jsem se t\u0159ikr\u00e1t rozsekal. Prvn\u00ed den je u konce a j\u00e1 po n\u011bm vedl o 7 sekund p\u0159ed Beaumontem.<\/p>\n<p><img loading=\"lazy\" decoding=\"async\" class=\"alignnone size-full wp-image-1064\" src=\"http:\/\/milanmysik.com\/wp-content\/uploads\/2019\/03\/azores-race-day-I-test-2.jpg\" alt=\"\" width=\"1200\" height=\"801\" srcset=\"https:\/\/milanmysik.com\/wp-content\/uploads\/2019\/03\/azores-race-day-I-test-2.jpg 1200w, https:\/\/milanmysik.com\/wp-content\/uploads\/2019\/03\/azores-race-day-I-test-2-300x200.jpg 300w, https:\/\/milanmysik.com\/wp-content\/uploads\/2019\/03\/azores-race-day-I-test-2-768x513.jpg 768w, https:\/\/milanmysik.com\/wp-content\/uploads\/2019\/03\/azores-race-day-I-test-2-1024x684.jpg 1024w, https:\/\/milanmysik.com\/wp-content\/uploads\/2019\/03\/azores-race-day-I-test-2-830x554.jpg 830w, https:\/\/milanmysik.com\/wp-content\/uploads\/2019\/03\/azores-race-day-I-test-2-230x154.jpg 230w, https:\/\/milanmysik.com\/wp-content\/uploads\/2019\/03\/azores-race-day-I-test-2-350x234.jpg 350w, https:\/\/milanmysik.com\/wp-content\/uploads\/2019\/03\/azores-race-day-I-test-2-480x320.jpg 480w, https:\/\/milanmysik.com\/wp-content\/uploads\/2019\/03\/azores-race-day-I-test-2-272x182.jpg 272w\" sizes=\"auto, (max-width: 1200px) 100vw, 1200px\" \/><\/p>\n<p>V&nbsp;ned\u011bli jsem jako l\u00eddr startoval posledn\u00ed, asi jsem na sebe vytvo\u0159il zbyte\u010dn\u00fd tlak a p\u011bkn\u011b jsem to pokazil hned v&nbsp;prvn\u00ed RZ. &nbsp;Ve druh\u00e9 RZ (celkov\u011b \u0161est\u00e9) jsem m\u011bl technick\u00e9 probl\u00e9my, kdy\u017e se mi zasukoval \u0159et\u011bz ve spodn\u00ed kladce p\u0159ehazova\u010dky a nemohl jsem \u0161lapat, oba v\u00fdjezdy jsem musel tak b\u011b\u017eet a ani rozjezdy z&nbsp;ostr\u00fdch switchback\u016f nebyly v&nbsp;m\u00e9m pod\u00e1n\u00ed rychl\u00e9. \u0160ance na v\u00edt\u011bzstv\u00ed se tak za\u010d\u00ednala rozpl\u00fdvat. Sedm\u00e1 RZ byla kompletn\u00ed XC stage, kde jsem doufal, \u017ee n\u011bco st\u00e1hnu z&nbsp;p\u0159edchoz\u00ed ztr\u00e1ty. Moc se mi to nepoda\u0159ilo a v&nbsp;t\u00e9to RZ jsem skon\u010dil vte\u0159inu za Beaumontem. Posledn\u00ed stage \u2013 zase DH, takov\u00e9, \u017ee se prost\u011b dr\u017e\u00ed full gas, switchback a zas full gas \u2013 opravdu m\u011b tohle moc nebavilo, nav\u00edc ko\u010di\u010d\u00ed hlavy byly pln\u00e9 bl\u00e1ta a crash\u016f bylo opravdu hodn\u011b. Na prvn\u00edm \u0161l\u00e1pnut\u00ed mi zas zapadl \u0159et\u011bz za kole\u010dko na spodn\u00ed kladce a j\u00e1 u\u017e jen houpal. I s hendikepem, \u017ee jsem nemohl ze zat\u00e1\u010dek \u0161lapat jsem tuhle RZ prohr\u00e1l s Machadem o pouh\u00e9 2 sekundy a Beaumontovi jsem 3 nad\u011blil!<\/p>\n<p><img loading=\"lazy\" decoding=\"async\" class=\"alignnone size-full wp-image-1065\" src=\"http:\/\/milanmysik.com\/wp-content\/uploads\/2019\/03\/azores-enduro-fest-2019-day-IV-race-marc-_-milan-6.jpg\" alt=\"\" width=\"1200\" height=\"801\" srcset=\"https:\/\/milanmysik.com\/wp-content\/uploads\/2019\/03\/azores-enduro-fest-2019-day-IV-race-marc-_-milan-6.jpg 1200w, https:\/\/milanmysik.com\/wp-content\/uploads\/2019\/03\/azores-enduro-fest-2019-day-IV-race-marc-_-milan-6-300x200.jpg 300w, https:\/\/milanmysik.com\/wp-content\/uploads\/2019\/03\/azores-enduro-fest-2019-day-IV-race-marc-_-milan-6-768x513.jpg 768w, https:\/\/milanmysik.com\/wp-content\/uploads\/2019\/03\/azores-enduro-fest-2019-day-IV-race-marc-_-milan-6-1024x684.jpg 1024w, https:\/\/milanmysik.com\/wp-content\/uploads\/2019\/03\/azores-enduro-fest-2019-day-IV-race-marc-_-milan-6-830x554.jpg 830w, https:\/\/milanmysik.com\/wp-content\/uploads\/2019\/03\/azores-enduro-fest-2019-day-IV-race-marc-_-milan-6-230x154.jpg 230w, https:\/\/milanmysik.com\/wp-content\/uploads\/2019\/03\/azores-enduro-fest-2019-day-IV-race-marc-_-milan-6-350x234.jpg 350w, https:\/\/milanmysik.com\/wp-content\/uploads\/2019\/03\/azores-enduro-fest-2019-day-IV-race-marc-_-milan-6-480x320.jpg 480w, https:\/\/milanmysik.com\/wp-content\/uploads\/2019\/03\/azores-enduro-fest-2019-day-IV-race-marc-_-milan-6-272x182.jpg 272w\" sizes=\"auto, (max-width: 1200px) 100vw, 1200px\" \/><\/p>\n<p>Celkov\u00fd \u010das z\u00e1vod\u016f \u010dinil 43 minut, co\u017e je slu\u0161n\u00e1 porce. Po technick\u00fdch probl\u00e9mech jsem skon\u010dil druh\u00fd, jen\u201c 8 s za Beaumontem, kter\u00fd sice u\u017e tolik nez\u00e1vod\u00ed, ale furt se dr\u017e\u00ed dost v&nbsp;kondici, co\u017e prok\u00e1zal t\u00edm, \u017ee m\u011b porazil i na dvou \u0161lapav\u00fdch RZt\u00e1ch. Pro m\u011b to ka\u017edop\u00e1dn\u011b byla velk\u00e1 zku\u0161enost, z\u00e1vodit proti takov\u00e9mu velk\u00e9mu z\u00e1vodn\u00edkovi, kter\u00fd toho dok\u00e1zal opravdu hodn\u011b. Cel\u00e9 jsme to pak rozebrali i s&nbsp;dal\u0161\u00edmi z\u00e1vodn\u00edky na afterparty u piva, kdy mi pop\u0159\u00e1l \u00fasp\u011b\u0161nou sezonu a sv\u011b\u0159il se, \u017ee byl taky p\u011bkn\u011b nerv\u00f3zn\u00ed. Pokud se nep\u0159ihod\u00ed nic v\u00fdjime\u010dn\u00e9ho, oba jsme se domluvili, \u017ee sem za Carlosem p\u0159ijedeme i p\u0159\u00ed\u0161t\u00ed rok!<\/p>\n<p><img loading=\"lazy\" decoding=\"async\" class=\"alignnone size-full wp-image-1066\" src=\"http:\/\/milanmysik.com\/wp-content\/uploads\/2019\/03\/azores-enduro-fest-2019-day-II-practice-test-109-1.jpg\" alt=\"\" width=\"1200\" height=\"801\" srcset=\"https:\/\/milanmysik.com\/wp-content\/uploads\/2019\/03\/azores-enduro-fest-2019-day-II-practice-test-109-1.jpg 1200w, https:\/\/milanmysik.com\/wp-content\/uploads\/2019\/03\/azores-enduro-fest-2019-day-II-practice-test-109-1-300x200.jpg 300w, https:\/\/milanmysik.com\/wp-content\/uploads\/2019\/03\/azores-enduro-fest-2019-day-II-practice-test-109-1-768x513.jpg 768w, https:\/\/milanmysik.com\/wp-content\/uploads\/2019\/03\/azores-enduro-fest-2019-day-II-practice-test-109-1-1024x684.jpg 1024w, https:\/\/milanmysik.com\/wp-content\/uploads\/2019\/03\/azores-enduro-fest-2019-day-II-practice-test-109-1-830x554.jpg 830w, https:\/\/milanmysik.com\/wp-content\/uploads\/2019\/03\/azores-enduro-fest-2019-day-II-practice-test-109-1-230x154.jpg 230w, https:\/\/milanmysik.com\/wp-content\/uploads\/2019\/03\/azores-enduro-fest-2019-day-II-practice-test-109-1-350x234.jpg 350w, https:\/\/milanmysik.com\/wp-content\/uploads\/2019\/03\/azores-enduro-fest-2019-day-II-practice-test-109-1-480x320.jpg 480w, https:\/\/milanmysik.com\/wp-content\/uploads\/2019\/03\/azores-enduro-fest-2019-day-II-practice-test-109-1-272x182.jpg 272w\" sizes=\"auto, (max-width: 1200px) 100vw, 1200px\" \/><\/p>\n<p>D\u00edky Carlos za pozv\u00e1n\u00ed, ubytov\u00e1n\u00ed a v&nbsp;neposledn\u00ed \u0159ad\u011b skv\u011bl\u00fd z\u00e1vody, p\u0159i kter\u00e9m jsem poznal nov\u00e9, tolik fajn lidi!<\/p>\n<p>Foto: Joao Fanzeres, GoPro<\/p>\nngg_shortcode_0_placeholder","protected":false},"excerpt":{"rendered":"<p>Je listopad 2018, st\u00e1le odpo\u010d\u00edv\u00e1m po&nbsp;n\u00e1ro\u010dn\u00e9 sez\u00f3n\u011b, kdy\u017e moj\u00ed milou Iv\u010du poslouch\u00e1m, jak by se cht\u011bla pod\u00edvat na Azorsk\u00e9 ostrovy. Jako dovolen\u00e1? [&hellip;]<\/p>","protected":false},"author":2,"featured_media":1080,"comment_status":"open","ping_status":"open","sticky":false,"template":"post-templates\/post_nosidebar.php","format":"standard","meta":{"ngg_post_thumbnail":0,"footnotes":""},"categories":[1],"tags":[],"class_list":["post-897","post","type-post","status-publish","format-standard","has-post-thumbnail","hentry","category-nezarazene"],"jetpack_featured_media_url":"https:\/\/milanmysik.com\/wp-content\/uploads\/2019\/03\/azores-enduro-fest-2019-day-i-practice-test-73-1.jpg","_links":{"self":[{"href":"https:\/\/milanmysik.com\/en\/wp-json\/wp\/v2\/posts\/897","targetHints":{"allow":["GET"]}}],"collection":[{"href":"https:\/\/milanmysik.com\/en\/wp-json\/wp\/v2\/posts"}],"about":[{"href":"https:\/\/milanmysik.com\/en\/wp-json\/wp\/v2\/types\/post"}],"author":[{"embeddable":true,"href":"https:\/\/milanmysik.com\/en\/wp-json\/wp\/v2\/users\/2"}],"replies":[{"embeddable":true,"href":"https:\/\/milanmysik.com\/en\/wp-json\/wp\/v2\/comments?post=897"}],"version-history":[{"count":5,"href":"https:\/\/milanmysik.com\/en\/wp-json\/wp\/v2\/posts\/897\/revisions"}],"predecessor-version":[{"id":1087,"href":"https:\/\/milanmysik.com\/en\/wp-json\/wp\/v2\/posts\/897\/revisions\/1087"}],"wp:featuredmedia":[{"embeddable":true,"href":"https:\/\/milanmysik.com\/en\/wp-json\/wp\/v2\/media\/1080"}],"wp:attachment":[{"href":"https:\/\/milanmysik.com\/en\/wp-json\/wp\/v2\/media?parent=897"}],"wp:term":[{"taxonomy":"category","embeddable":true,"href":"https:\/\/milanmysik.com\/en\/wp-json\/wp\/v2\/categories?post=897"},{"taxonomy":"post_tag","embeddable":true,"href":"https:\/\/milanmysik.com\/en\/wp-json\/wp\/v2\/tags?post=897"}],"curies":[{"name":"wp","href":"https:\/\/api.w.org\/{rel}","templated":true}]}}